{"id":995,"date":"2014-08-22T14:55:08","date_gmt":"2014-08-22T13:55:08","guid":{"rendered":"http:\/\/bildateljen.se\/?p=995"},"modified":"2014-08-22T14:55:08","modified_gmt":"2014-08-22T13:55:08","slug":"nu-ar-ateljen-oppen-med-vissa-justeringar-under-hogsasongen-september-oktober","status":"publish","type":"post","link":"https:\/\/bildateljen.se\/?p=995","title":{"rendered":"Nu \u00e4r atelj\u00e9n \u00f6ppen med vissa justeringar under h\u00f6gs\u00e4songen september-oktober"},"content":{"rendered":"<p>Dags att l\u00e4mna sk\u00e4rg\u00e5rden bl\u00e5a ljus !<\/p>\n<div id=\"attachment_996\" style=\"width: 1010px\" class=\"wp-caption aligncenter\"><img loading=\"lazy\" decoding=\"async\" aria-describedby=\"caption-attachment-996\" data-attachment-id=\"996\" data-permalink=\"https:\/\/bildateljen.se\/?attachment_id=996\" data-orig-file=\"https:\/\/bildateljen.se\/wp-content\/uploads\/22-995-post\/MG_0030.jpg\" data-orig-size=\"1000,562\" data-comments-opened=\"1\" data-image-meta=\"{&quot;aperture&quot;:&quot;2.8&quot;,&quot;credit&quot;:&quot;Lars \\u00c5ke Holst&quot;,&quot;camera&quot;:&quot;Canon EOS 5D Mark II&quot;,&quot;caption&quot;:&quot;&quot;,&quot;created_timestamp&quot;:&quot;1404822642&quot;,&quot;copyright&quot;:&quot;Copyright \\u00a9 Lars \\u00c5ke Holst bildateljen.se, All rights reserved. Detta f\\u00e4lt f\\u00e5r inte \\u00e4ndras eller raderas enligt 6 kap enligt lag (1960:729)&quot;,&quot;focal_length&quot;:&quot;200&quot;,&quot;iso&quot;:&quot;640&quot;,&quot;shutter_speed&quot;:&quot;0.000125&quot;,&quot;title&quot;:&quot;&quot;}\" data-image-title=\"Nordliga vindar \" data-image-description=\"\" data-image-caption=\"&lt;p&gt;Mysingen i juli&lt;\/p&gt;\n\" data-large-file=\"https:\/\/bildateljen.se\/wp-content\/uploads\/22-995-post\/MG_0030.jpg\" class=\"size-full wp-image-996\" src=\"https:\/\/bildateljen.se\/wp-content\/uploads\/22-995-post\/MG_0030.jpg\" alt=\"L\u00e4tt l\u00e4ns\" width=\"1000\" height=\"562\" srcset=\"https:\/\/bildateljen.se\/wp-content\/uploads\/22-995-post\/MG_0030.jpg 1000w, https:\/\/bildateljen.se\/wp-content\/uploads\/22-995-post\/MG_0030-300x168.jpg 300w\" sizes=\"auto, (max-width: 1000px) 100vw, 1000px\" \/><p id=\"caption-attachment-996\" class=\"wp-caption-text\">Mysingen i juli<\/p><\/div>\n<!-- AddThis Advanced Settings generic via filter on the_content --><!-- AddThis Share Buttons generic via filter on the_content -->","protected":false},"excerpt":{"rendered":"<p>Dags att l\u00e4mna sk\u00e4rg\u00e5rden bl\u00e5a ljus !<!-- AddThis Advanced Settings generic via filter on get_the_excerpt --><!-- AddThis Share Buttons generic via filter on get_the_excerpt --><\/p>\n","protected":false},"author":1,"featured_media":0,"comment_status":"open","ping_status":"open","sticky":false,"template":"","format":"standard","meta":{"advanced_seo_description":"","jetpack_seo_html_title":"","jetpack_seo_noindex":false,"jetpack_post_was_ever_published":false,"_jetpack_newsletter_access":"","_jetpack_dont_email_post_to_subs":false,"_jetpack_newsletter_tier_id":0,"_jetpack_memberships_contains_paywalled_content":false,"_jetpack_memberships_contains_paid_content":false,"footnotes":"","jetpack_publicize_message":"","jetpack_publicize_feature_enabled":true,"jetpack_social_post_already_shared":false,"jetpack_social_options":{"image_generator_settings":{"template":"highway","default_image_id":0,"font":"","enabled":false},"version":2}},"categories":[1],"tags":[],"class_list":["post-995","post","type-post","status-publish","format-standard","hentry","category-okategoriserade"],"jetpack_publicize_connections":[],"jetpack_featured_media_url":"","jetpack_shortlink":"https:\/\/wp.me\/p8u969-g3","jetpack-related-posts":[],"jetpack_likes_enabled":true,"jetpack_sharing_enabled":true,"_links":{"self":[{"href":"https:\/\/bildateljen.se\/index.php?rest_route=\/wp\/v2\/posts\/995","targetHints":{"allow":["GET"]}}],"collection":[{"href":"https:\/\/bildateljen.se\/index.php?rest_route=\/wp\/v2\/posts"}],"about":[{"href":"https:\/\/bildateljen.se\/index.php?rest_route=\/wp\/v2\/types\/post"}],"author":[{"embeddable":true,"href":"https:\/\/bildateljen.se\/index.php?rest_route=\/wp\/v2\/users\/1"}],"replies":[{"embeddable":true,"href":"https:\/\/bildateljen.se\/index.php?rest_route=%2Fwp%2Fv2%2Fcomments&post=995"}],"version-history":[{"count":1,"href":"https:\/\/bildateljen.se\/index.php?rest_route=\/wp\/v2\/posts\/995\/revisions"}],"predecessor-version":[{"id":997,"href":"https:\/\/bildateljen.se\/index.php?rest_route=\/wp\/v2\/posts\/995\/revisions\/997"}],"wp:attachment":[{"href":"https:\/\/bildateljen.se\/index.php?rest_route=%2Fwp%2Fv2%2Fmedia&parent=995"}],"wp:term":[{"taxonomy":"category","embeddable":true,"href":"https:\/\/bildateljen.se\/index.php?rest_route=%2Fwp%2Fv2%2Fcategories&post=995"},{"taxonomy":"post_tag","embeddable":true,"href":"https:\/\/bildateljen.se\/index.php?rest_route=%2Fwp%2Fv2%2Ftags&post=995"}],"curies":[{"name":"wp","href":"https:\/\/api.w.org\/{rel}","templated":true}]}}