{"id":91,"date":"2011-02-04T15:56:52","date_gmt":"2011-02-04T14:56:52","guid":{"rendered":"http:\/\/bildateljen.se\/?p=91"},"modified":"2011-02-04T16:21:42","modified_gmt":"2011-02-04T15:21:42","slug":"besok-fran-avatar","status":"publish","type":"post","link":"https:\/\/bildateljen.se\/?p=91","title":{"rendered":"Bes\u00f6k fr\u00e5n Avatar ?"},"content":{"rendered":"<p><img loading=\"lazy\" decoding=\"async\" class=\"p3-insert-all size-full aligncenter\" title=\"IsacB\" src=\"https:\/\/bildateljen.se\/wp-content\/uploads\/IsacB.jpg\" alt=\"\" width=\"900\" height=\"778\" \/> Nu rusar tiden snabbt f\u00f6rbi och vi n\u00e4rmar oss v\u00e5r och sommar. Snart \u00e4r de f\u00f6rsta studenterna h\u00e4r i atelj\u00e9n och sprider sin gl\u00e4dje och optimism. Sedan senaste inl\u00e4gget har mycket av tid g\u00e5tt till att slipa f\u00e4rg p\u00e5 en b\u00e5t i Evlinge, s\u00e5 tiden p\u00e5 atelj\u00e9n har varit liten. Jag har ocks\u00e5 hunnit med att utbilda mig p\u00e5 Projektor i en kurs i portr\u00e4ttretusch med Eva-Terez som l\u00e4rare, en heldag inne i stora Stockholm. Atelj\u00e9n har haft bes\u00f6k av Martin, Jakob, Edith och Isac framf\u00f6r kameran.<\/p>\n<p>Nyinlagt blogginl\u00e4gg fr\u00e5n gamla bloggen !<\/p>\n<!-- AddThis Advanced Settings generic via filter on the_content --><!-- AddThis Share Buttons generic via filter on the_content -->","protected":false},"excerpt":{"rendered":"<p>Nu rusar tiden snabbt f\u00f6rbi och vi n\u00e4rmar oss v\u00e5r och sommar. Snart \u00e4r de f\u00f6rsta studenterna h\u00e4r i atelj\u00e9n och sprider sin gl\u00e4dje och optimism. Sedan senaste inl\u00e4gget har mycket av tid g\u00e5tt till att slipa f\u00e4rg p\u00e5 en b\u00e5t i Evlinge, s\u00e5 tiden p\u00e5 atelj\u00e9n har varit liten. Jag har ocks\u00e5 hunnit med [&hellip;]<!-- AddThis Advanced Settings generic via filter on get_the_excerpt --><!-- AddThis Share Buttons generic via filter on get_the_excerpt --><\/p>\n","protected":false},"author":1,"featured_media":0,"comment_status":"open","ping_status":"open","sticky":false,"template":"","format":"standard","meta":{"advanced_seo_description":"","jetpack_seo_html_title":"","jetpack_seo_noindex":false,"jetpack_post_was_ever_published":false,"_jetpack_newsletter_access":"","_jetpack_dont_email_post_to_subs":false,"_jetpack_newsletter_tier_id":0,"_jetpack_memberships_contains_paywalled_content":false,"_jetpack_memberships_contains_paid_content":false,"footnotes":"","jetpack_publicize_message":"","jetpack_publicize_feature_enabled":true,"jetpack_social_post_already_shared":false,"jetpack_social_options":{"image_generator_settings":{"template":"highway","default_image_id":0,"font":"","enabled":false},"version":2}},"categories":[3],"tags":[],"class_list":["post-91","post","type-post","status-publish","format-standard","hentry","category-barnportratt"],"jetpack_publicize_connections":[],"jetpack_featured_media_url":"","jetpack_shortlink":"https:\/\/wp.me\/p8u969-1t","jetpack-related-posts":[],"jetpack_likes_enabled":true,"jetpack_sharing_enabled":true,"_links":{"self":[{"href":"https:\/\/bildateljen.se\/index.php?rest_route=\/wp\/v2\/posts\/91","targetHints":{"allow":["GET"]}}],"collection":[{"href":"https:\/\/bildateljen.se\/index.php?rest_route=\/wp\/v2\/posts"}],"about":[{"href":"https:\/\/bildateljen.se\/index.php?rest_route=\/wp\/v2\/types\/post"}],"author":[{"embeddable":true,"href":"https:\/\/bildateljen.se\/index.php?rest_route=\/wp\/v2\/users\/1"}],"replies":[{"embeddable":true,"href":"https:\/\/bildateljen.se\/index.php?rest_route=%2Fwp%2Fv2%2Fcomments&post=91"}],"version-history":[{"count":2,"href":"https:\/\/bildateljen.se\/index.php?rest_route=\/wp\/v2\/posts\/91\/revisions"}],"predecessor-version":[{"id":100,"href":"https:\/\/bildateljen.se\/index.php?rest_route=\/wp\/v2\/posts\/91\/revisions\/100"}],"wp:attachment":[{"href":"https:\/\/bildateljen.se\/index.php?rest_route=%2Fwp%2Fv2%2Fmedia&parent=91"}],"wp:term":[{"taxonomy":"category","embeddable":true,"href":"https:\/\/bildateljen.se\/index.php?rest_route=%2Fwp%2Fv2%2Fcategories&post=91"},{"taxonomy":"post_tag","embeddable":true,"href":"https:\/\/bildateljen.se\/index.php?rest_route=%2Fwp%2Fv2%2Ftags&post=91"}],"curies":[{"name":"wp","href":"https:\/\/api.w.org\/{rel}","templated":true}]}}