{"id":890,"date":"2013-11-28T13:57:53","date_gmt":"2013-11-28T12:57:53","guid":{"rendered":"http:\/\/bildateljen.se\/?p=890"},"modified":"2013-11-28T13:58:51","modified_gmt":"2013-11-28T12:58:51","slug":"den-har-snabba-herrn-var-och-halsa-pa-idag-for-att-hamta-sina-bilder","status":"publish","type":"post","link":"https:\/\/bildateljen.se\/?p=890","title":{"rendered":"Den h\u00e4r snabba herr\u00b4n var och h\u00e4lsade p\u00e5 idag, f\u00f6r att h\u00e4mta sina bilder."},"content":{"rendered":"<div id=\"attachment_891\" style=\"width: 1010px\" class=\"wp-caption aligncenter\"><img loading=\"lazy\" decoding=\"async\" aria-describedby=\"caption-attachment-891\" data-attachment-id=\"891\" data-permalink=\"https:\/\/bildateljen.se\/?attachment_id=891\" data-orig-file=\"https:\/\/bildateljen.se\/wp-content\/uploads\/Melker1.jpg\" data-orig-size=\"1000,1000\" data-comments-opened=\"1\" data-image-meta=\"{&quot;aperture&quot;:&quot;0&quot;,&quot;credit&quot;:&quot;&quot;,&quot;camera&quot;:&quot;&quot;,&quot;caption&quot;:&quot;&quot;,&quot;created_timestamp&quot;:&quot;0&quot;,&quot;copyright&quot;:&quot;Copyright \\u00a9 Lars \\u00c5ke Holst bildateljen.se, All Rights Reserved. Detta f\\u00e4lt f\\u00e5r inte \\u00e4ndras eller raderas enligt 6 kap enligt lag (1960:729)&quot;,&quot;focal_length&quot;:&quot;0&quot;,&quot;iso&quot;:&quot;0&quot;,&quot;shutter_speed&quot;:&quot;0&quot;,&quot;title&quot;:&quot;&quot;}\" data-image-title=\"Melker\" data-image-description=\"&lt;p&gt;Barnfoto, i full fart&lt;\/p&gt;\n\" data-image-caption=\"&lt;p&gt;Fullfart i Atelj\u00e9n&lt;\/p&gt;\n\" data-large-file=\"https:\/\/bildateljen.se\/wp-content\/uploads\/Melker1.jpg\" class=\"size-full wp-image-891\" alt=\"Melker springer fort\" src=\"https:\/\/bildateljen.se\/wp-content\/uploads\/Melker1.jpg\" width=\"1000\" height=\"1000\" srcset=\"https:\/\/bildateljen.se\/wp-content\/uploads\/Melker1.jpg 1000w, https:\/\/bildateljen.se\/wp-content\/uploads\/Melker1-150x150.jpg 150w, https:\/\/bildateljen.se\/wp-content\/uploads\/Melker1-300x300.jpg 300w, https:\/\/bildateljen.se\/wp-content\/uploads\/Melker1-160x160.jpg 160w, https:\/\/bildateljen.se\/wp-content\/uploads\/Melker1-80x80.jpg 80w, https:\/\/bildateljen.se\/wp-content\/uploads\/Melker1-320x320.jpg 320w, https:\/\/bildateljen.se\/wp-content\/uploads\/Melker1-600x600.jpg 600w\" sizes=\"auto, (max-width: 1000px) 100vw, 1000px\" \/><p id=\"caption-attachment-891\" class=\"wp-caption-text\">Fullfart i Atelj\u00e9n<\/p><\/div>\n<!-- AddThis Advanced Settings generic via filter on the_content --><!-- AddThis Share Buttons generic via filter on the_content -->","protected":false},"excerpt":{"rendered":"<p><!-- AddThis Advanced Settings generic via filter on get_the_excerpt --><!-- AddThis Share Buttons generic via filter on get_the_excerpt --><\/p>\n","protected":false},"author":1,"featured_media":0,"comment_status":"open","ping_status":"open","sticky":false,"template":"","format":"standard","meta":{"advanced_seo_description":"","jetpack_seo_html_title":"","jetpack_seo_noindex":false,"jetpack_post_was_ever_published":false,"_jetpack_newsletter_access":"","_jetpack_dont_email_post_to_subs":false,"_jetpack_newsletter_tier_id":0,"_jetpack_memberships_contains_paywalled_content":false,"_jetpack_memberships_contains_paid_content":false,"footnotes":"","jetpack_publicize_message":"","jetpack_publicize_feature_enabled":true,"jetpack_social_post_already_shared":false,"jetpack_social_options":{"image_generator_settings":{"template":"highway","default_image_id":0,"font":"","enabled":false},"version":2}},"categories":[3],"tags":[],"class_list":["post-890","post","type-post","status-publish","format-standard","hentry","category-barnportratt"],"jetpack_publicize_connections":[],"jetpack_featured_media_url":"","jetpack_shortlink":"https:\/\/wp.me\/p8u969-em","jetpack-related-posts":[],"jetpack_likes_enabled":true,"jetpack_sharing_enabled":true,"_links":{"self":[{"href":"https:\/\/bildateljen.se\/index.php?rest_route=\/wp\/v2\/posts\/890","targetHints":{"allow":["GET"]}}],"collection":[{"href":"https:\/\/bildateljen.se\/index.php?rest_route=\/wp\/v2\/posts"}],"about":[{"href":"https:\/\/bildateljen.se\/index.php?rest_route=\/wp\/v2\/types\/post"}],"author":[{"embeddable":true,"href":"https:\/\/bildateljen.se\/index.php?rest_route=\/wp\/v2\/users\/1"}],"replies":[{"embeddable":true,"href":"https:\/\/bildateljen.se\/index.php?rest_route=%2Fwp%2Fv2%2Fcomments&post=890"}],"version-history":[{"count":2,"href":"https:\/\/bildateljen.se\/index.php?rest_route=\/wp\/v2\/posts\/890\/revisions"}],"predecessor-version":[{"id":893,"href":"https:\/\/bildateljen.se\/index.php?rest_route=\/wp\/v2\/posts\/890\/revisions\/893"}],"wp:attachment":[{"href":"https:\/\/bildateljen.se\/index.php?rest_route=%2Fwp%2Fv2%2Fmedia&parent=890"}],"wp:term":[{"taxonomy":"category","embeddable":true,"href":"https:\/\/bildateljen.se\/index.php?rest_route=%2Fwp%2Fv2%2Fcategories&post=890"},{"taxonomy":"post_tag","embeddable":true,"href":"https:\/\/bildateljen.se\/index.php?rest_route=%2Fwp%2Fv2%2Ftags&post=890"}],"curies":[{"name":"wp","href":"https:\/\/api.w.org\/{rel}","templated":true}]}}