{"id":860,"date":"2013-10-25T15:47:03","date_gmt":"2013-10-25T14:47:03","guid":{"rendered":"http:\/\/bildateljen.se\/?p=860"},"modified":"2013-10-25T15:47:03","modified_gmt":"2013-10-25T14:47:03","slug":"forskolefotografering","status":"publish","type":"post","link":"https:\/\/bildateljen.se\/?p=860","title":{"rendered":"F\u00f6rskolefotografering !"},"content":{"rendered":"<p>Idag har jag lagt till en l\u00e4nk i listen ovanf\u00f6r f\u00f6r er som letar efter registreringsidan f\u00f6r f\u00f6rskolefotografering.<\/p>\n<p>Efter registreringen kommer ingen kvittering utan man f\u00e5r v\u00e4nta p\u00e5 att bilderna kommit till labbet f\u00f6rst och d\u00e5 n\u00e4r de l\u00e4gger in bilderna i sj\u00e4lva webbutiken s\u00e5 skickas inloggningen per sms till angivet mobilnummer.<\/p>\n<p>Idag har Sj\u00f6stj\u00e4rnan lagts upp och Munkmora fsk har skickats till labbet.<\/p>\n<p>\u00c5kerlyckans f\u00f6rskola saknar fortfarande registrering av 1\/3 av barnen p\u00e5 f\u00f6rskolan. Tacksam f\u00f6r alla registreringar som kan komma in under helgen !<\/p>\n<p>\u00c5kerlyckan l\u00e4ggs upp under n\u00e4sta vecka.<\/p>\n<!-- AddThis Advanced Settings generic via filter on the_content --><!-- AddThis Share Buttons generic via filter on the_content -->","protected":false},"excerpt":{"rendered":"<p>Idag har jag lagt till en l\u00e4nk i listen ovanf\u00f6r f\u00f6r er som letar efter registreringsidan f\u00f6r f\u00f6rskolefotografering. Efter registreringen kommer ingen kvittering utan man f\u00e5r v\u00e4nta p\u00e5 att bilderna kommit till labbet f\u00f6rst och d\u00e5 n\u00e4r de l\u00e4gger in bilderna i sj\u00e4lva webbutiken s\u00e5 skickas inloggningen per sms till angivet mobilnummer. Idag har Sj\u00f6stj\u00e4rnan [&hellip;]<!-- AddThis Advanced Settings generic via filter on get_the_excerpt --><!-- AddThis Share Buttons generic via filter on get_the_excerpt --><\/p>\n","protected":false},"author":1,"featured_media":0,"comment_status":"open","ping_status":"open","sticky":false,"template":"","format":"standard","meta":{"advanced_seo_description":"","jetpack_seo_html_title":"","jetpack_seo_noindex":false,"jetpack_post_was_ever_published":false,"_jetpack_newsletter_access":"","_jetpack_dont_email_post_to_subs":false,"_jetpack_newsletter_tier_id":0,"_jetpack_memberships_contains_paywalled_content":false,"_jetpack_memberships_contains_paid_content":false,"footnotes":"","jetpack_publicize_message":"","jetpack_publicize_feature_enabled":true,"jetpack_social_post_already_shared":false,"jetpack_social_options":{"image_generator_settings":{"template":"highway","default_image_id":0,"font":"","enabled":false},"version":2}},"categories":[23],"tags":[],"class_list":["post-860","post","type-post","status-publish","format-standard","hentry","category-forskolefotografering"],"jetpack_publicize_connections":[],"jetpack_featured_media_url":"","jetpack_shortlink":"https:\/\/wp.me\/p8u969-dS","jetpack-related-posts":[],"jetpack_likes_enabled":true,"jetpack_sharing_enabled":true,"_links":{"self":[{"href":"https:\/\/bildateljen.se\/index.php?rest_route=\/wp\/v2\/posts\/860","targetHints":{"allow":["GET"]}}],"collection":[{"href":"https:\/\/bildateljen.se\/index.php?rest_route=\/wp\/v2\/posts"}],"about":[{"href":"https:\/\/bildateljen.se\/index.php?rest_route=\/wp\/v2\/types\/post"}],"author":[{"embeddable":true,"href":"https:\/\/bildateljen.se\/index.php?rest_route=\/wp\/v2\/users\/1"}],"replies":[{"embeddable":true,"href":"https:\/\/bildateljen.se\/index.php?rest_route=%2Fwp%2Fv2%2Fcomments&post=860"}],"version-history":[{"count":2,"href":"https:\/\/bildateljen.se\/index.php?rest_route=\/wp\/v2\/posts\/860\/revisions"}],"predecessor-version":[{"id":863,"href":"https:\/\/bildateljen.se\/index.php?rest_route=\/wp\/v2\/posts\/860\/revisions\/863"}],"wp:attachment":[{"href":"https:\/\/bildateljen.se\/index.php?rest_route=%2Fwp%2Fv2%2Fmedia&parent=860"}],"wp:term":[{"taxonomy":"category","embeddable":true,"href":"https:\/\/bildateljen.se\/index.php?rest_route=%2Fwp%2Fv2%2Fcategories&post=860"},{"taxonomy":"post_tag","embeddable":true,"href":"https:\/\/bildateljen.se\/index.php?rest_route=%2Fwp%2Fv2%2Ftags&post=860"}],"curies":[{"name":"wp","href":"https:\/\/api.w.org\/{rel}","templated":true}]}}