{"id":788,"date":"2013-05-21T09:49:04","date_gmt":"2013-05-21T08:49:04","guid":{"rendered":"http:\/\/bildateljen.se\/?p=788"},"modified":"2013-05-21T09:49:04","modified_gmt":"2013-05-21T08:49:04","slug":"lite-bilder-fran-forra-veckans-bildvisning-varfor-gar-tiden-alltid-sa-fort-just-i-maj","status":"publish","type":"post","link":"https:\/\/bildateljen.se\/?p=788","title":{"rendered":"Lite bilder fr\u00e5n f\u00f6rra veckans bildvisning. Varf\u00f6r g\u00e5r tiden alltid s\u00e5 fort just i maj ?"},"content":{"rendered":"<p><img loading=\"lazy\" decoding=\"async\" class=\"pp-insert-all size-full aligncenter\" title=\"_MG_5029\" alt=\"\" src=\"https:\/\/bildateljen.se\/wp-content\/uploads\/MG_5029.jpg\" width=\"796\" height=\"999\" \/><img loading=\"lazy\" decoding=\"async\" class=\"pp-insert-all size-full aligncenter\" title=\"_U6I7047\" alt=\"\" src=\"https:\/\/bildateljen.se\/wp-content\/uploads\/U6I7047.jpg\" width=\"793\" height=\"999\" \/><img loading=\"lazy\" decoding=\"async\" class=\"pp-insert-all size-full aligncenter\" title=\"_U6I7026\" alt=\"\" src=\"https:\/\/bildateljen.se\/wp-content\/uploads\/U6I7026.jpg\" width=\"999\" height=\"999\" \/><\/p>\n<p style=\"text-align: center;\">Lilla familjen p\u00e5 3 med hund och utan !<\/p>\n<!-- AddThis Advanced Settings generic via filter on the_content --><!-- AddThis Share Buttons generic via filter on the_content -->","protected":false},"excerpt":{"rendered":"<p>Lilla familjen p\u00e5 3 med hund och utan !<!-- AddThis Advanced Settings generic via filter on get_the_excerpt --><!-- AddThis Share Buttons generic via filter on get_the_excerpt --><\/p>\n","protected":false},"author":1,"featured_media":0,"comment_status":"open","ping_status":"open","sticky":false,"template":"","format":"standard","meta":{"advanced_seo_description":"","jetpack_seo_html_title":"","jetpack_seo_noindex":false,"jetpack_post_was_ever_published":false,"_jetpack_newsletter_access":"","_jetpack_dont_email_post_to_subs":false,"_jetpack_newsletter_tier_id":0,"_jetpack_memberships_contains_paywalled_content":false,"_jetpack_memberships_contains_paid_content":false,"footnotes":"","jetpack_publicize_message":"","jetpack_publicize_feature_enabled":true,"jetpack_social_post_already_shared":false,"jetpack_social_options":{"image_generator_settings":{"template":"highway","default_image_id":0,"font":"","enabled":false},"version":2}},"categories":[3,11],"tags":[],"class_list":["post-788","post","type-post","status-publish","format-standard","hentry","category-barnportratt","category-familjefoto"],"jetpack_publicize_connections":[],"jetpack_featured_media_url":"","jetpack_shortlink":"https:\/\/wp.me\/p8u969-cI","jetpack-related-posts":[],"jetpack_likes_enabled":true,"jetpack_sharing_enabled":true,"_links":{"self":[{"href":"https:\/\/bildateljen.se\/index.php?rest_route=\/wp\/v2\/posts\/788","targetHints":{"allow":["GET"]}}],"collection":[{"href":"https:\/\/bildateljen.se\/index.php?rest_route=\/wp\/v2\/posts"}],"about":[{"href":"https:\/\/bildateljen.se\/index.php?rest_route=\/wp\/v2\/types\/post"}],"author":[{"embeddable":true,"href":"https:\/\/bildateljen.se\/index.php?rest_route=\/wp\/v2\/users\/1"}],"replies":[{"embeddable":true,"href":"https:\/\/bildateljen.se\/index.php?rest_route=%2Fwp%2Fv2%2Fcomments&post=788"}],"version-history":[{"count":1,"href":"https:\/\/bildateljen.se\/index.php?rest_route=\/wp\/v2\/posts\/788\/revisions"}],"predecessor-version":[{"id":792,"href":"https:\/\/bildateljen.se\/index.php?rest_route=\/wp\/v2\/posts\/788\/revisions\/792"}],"wp:attachment":[{"href":"https:\/\/bildateljen.se\/index.php?rest_route=%2Fwp%2Fv2%2Fmedia&parent=788"}],"wp:term":[{"taxonomy":"category","embeddable":true,"href":"https:\/\/bildateljen.se\/index.php?rest_route=%2Fwp%2Fv2%2Fcategories&post=788"},{"taxonomy":"post_tag","embeddable":true,"href":"https:\/\/bildateljen.se\/index.php?rest_route=%2Fwp%2Fv2%2Ftags&post=788"}],"curies":[{"name":"wp","href":"https:\/\/api.w.org\/{rel}","templated":true}]}}