{"id":78,"date":"2011-02-03T16:09:30","date_gmt":"2011-02-03T15:09:30","guid":{"rendered":"http:\/\/bildateljen.se\/?p=78"},"modified":"2011-02-03T19:41:12","modified_gmt":"2011-02-03T18:41:12","slug":"i-dag-torsdag-har-vi-haft-hemliga-gaster-i-ateljen-fran-25-mars-2010","status":"publish","type":"post","link":"https:\/\/bildateljen.se\/?p=78","title":{"rendered":"I dag torsdag har vi haft hemliga g\u00e4ster i ateljen. Fr\u00e5n 25 mars 2010"},"content":{"rendered":"<p><img loading=\"lazy\" decoding=\"async\" class=\"p3-insert-all size-full aligncenter\" title=\"hemlig\" src=\"https:\/\/bildateljen.se\/wp-content\/uploads\/hemlig.jpg\" alt=\"\" width=\"900\" height=\"1246\" \/> De hemliga g\u00e4sterna ska ge bort lite bilder till en k\u00e4r v\u00e4n i familjen n\u00e4r han fyller \u00e5r.<\/p>\n<p>Nyinlagt blogginl\u00e4gg fr\u00e5n gamla bloggen !<\/p>\n<!-- AddThis Advanced Settings generic via filter on the_content --><!-- AddThis Share Buttons generic via filter on the_content -->","protected":false},"excerpt":{"rendered":"<p>De hemliga g\u00e4sterna ska ge bort lite bilder till en k\u00e4r v\u00e4n i familjen n\u00e4r han fyller \u00e5r. Nyinlagt blogginl\u00e4gg fr\u00e5n gamla bloggen !<!-- AddThis Advanced Settings generic via filter on get_the_excerpt --><!-- AddThis Share Buttons generic via filter on get_the_excerpt --><\/p>\n","protected":false},"author":1,"featured_media":0,"comment_status":"open","ping_status":"open","sticky":false,"template":"","format":"standard","meta":{"advanced_seo_description":"","jetpack_seo_html_title":"","jetpack_seo_noindex":false,"jetpack_post_was_ever_published":false,"_jetpack_newsletter_access":"","_jetpack_dont_email_post_to_subs":false,"_jetpack_newsletter_tier_id":0,"_jetpack_memberships_contains_paywalled_content":false,"_jetpack_memberships_contains_paid_content":false,"footnotes":"","jetpack_publicize_message":"","jetpack_publicize_feature_enabled":true,"jetpack_social_post_already_shared":false,"jetpack_social_options":{"image_generator_settings":{"template":"highway","default_image_id":0,"font":"","enabled":false},"version":2}},"categories":[3],"tags":[],"class_list":["post-78","post","type-post","status-publish","format-standard","hentry","category-barnportratt"],"jetpack_publicize_connections":[],"jetpack_featured_media_url":"","jetpack_shortlink":"https:\/\/wp.me\/p8u969-1g","jetpack-related-posts":[],"jetpack_likes_enabled":true,"jetpack_sharing_enabled":true,"_links":{"self":[{"href":"https:\/\/bildateljen.se\/index.php?rest_route=\/wp\/v2\/posts\/78","targetHints":{"allow":["GET"]}}],"collection":[{"href":"https:\/\/bildateljen.se\/index.php?rest_route=\/wp\/v2\/posts"}],"about":[{"href":"https:\/\/bildateljen.se\/index.php?rest_route=\/wp\/v2\/types\/post"}],"author":[{"embeddable":true,"href":"https:\/\/bildateljen.se\/index.php?rest_route=\/wp\/v2\/users\/1"}],"replies":[{"embeddable":true,"href":"https:\/\/bildateljen.se\/index.php?rest_route=%2Fwp%2Fv2%2Fcomments&post=78"}],"version-history":[{"count":3,"href":"https:\/\/bildateljen.se\/index.php?rest_route=\/wp\/v2\/posts\/78\/revisions"}],"predecessor-version":[{"id":88,"href":"https:\/\/bildateljen.se\/index.php?rest_route=\/wp\/v2\/posts\/78\/revisions\/88"}],"wp:attachment":[{"href":"https:\/\/bildateljen.se\/index.php?rest_route=%2Fwp%2Fv2%2Fmedia&parent=78"}],"wp:term":[{"taxonomy":"category","embeddable":true,"href":"https:\/\/bildateljen.se\/index.php?rest_route=%2Fwp%2Fv2%2Fcategories&post=78"},{"taxonomy":"post_tag","embeddable":true,"href":"https:\/\/bildateljen.se\/index.php?rest_route=%2Fwp%2Fv2%2Ftags&post=78"}],"curies":[{"name":"wp","href":"https:\/\/api.w.org\/{rel}","templated":true}]}}