{"id":61,"date":"2011-02-03T14:30:04","date_gmt":"2011-02-03T13:30:04","guid":{"rendered":"http:\/\/bildateljen.se\/?p=61"},"modified":"2011-02-03T15:42:42","modified_gmt":"2011-02-03T14:42:42","slug":"en-dag-fylld-av-longbording-default-rubrik-i-appleprogrammet","status":"publish","type":"post","link":"https:\/\/bildateljen.se\/?p=61","title":{"rendered":"En dag fylld av longbording ! default-rubrik i appleprogrammet."},"content":{"rendered":"<p>Ja inte riktigt, kanske har det varit lite f\u00f6r kallt f\u00f6r surfing, men det har i alla fall varit en ganska lugn dag utan fotograferingar. Jag har passat p\u00e5 att uppdatera hemsidan och bloggen. Samtidigt som jag har monterat bilder. Bland annat har Melker, en riktig fotomodell, hamnat under kniven och sedan i en stilren ram. Hans tv\u00e5 sm\u00e5 systrar har ocks\u00e5 hamnat i ram.<br \/>\nMin leverans av ramar fr\u00e5n Tran\u00e5slist har ocks\u00e5 kommit ur kartongen.<br \/>\nMest glad \u00e4r jag \u00f6ver att s\u00e5 m\u00e5nga har ringt idag och passat p\u00e5 att boka in en fotografering. Sedan vi la ut prislistan p\u00e5 hemsidan \u00e4r det m\u00e5nga fler som ringer och bokar direkt, ist\u00e4llet f\u00f6r att ringa och fr\u00e5ga om priset och sedan boka.<br \/>\nI morgon kommer Alexandra p\u00e5 eftermiddagen f\u00f6r att bli f\u00f6revigad. Det ska bli kul !<\/p>\n<p><img loading=\"lazy\" decoding=\"async\" class=\"p3-insert-all size-full aligncenter\" title=\"Melker\" src=\"https:\/\/bildateljen.se\/wp-content\/uploads\/Melker.jpg\" alt=\"\" width=\"900\" height=\"600\" \/><\/p>\n<p>Nyinlagt blogginl\u00e4gg fr\u00e5n gamla bloggen !<\/p>\n<!-- AddThis Advanced Settings generic via filter on the_content --><!-- AddThis Share Buttons generic via filter on the_content -->","protected":false},"excerpt":{"rendered":"<p>Ja inte riktigt, kanske har det varit lite f\u00f6r kallt f\u00f6r surfing, men det har i alla fall varit en ganska lugn dag utan fotograferingar. Jag har passat p\u00e5 att uppdatera hemsidan och bloggen. Samtidigt som jag har monterat bilder. Bland annat har Melker, en riktig fotomodell, hamnat under kniven och sedan i en stilren [&hellip;]<!-- AddThis Advanced Settings generic via filter on get_the_excerpt --><!-- AddThis Share Buttons generic via filter on get_the_excerpt --><\/p>\n","protected":false},"author":1,"featured_media":0,"comment_status":"open","ping_status":"open","sticky":false,"template":"","format":"standard","meta":{"advanced_seo_description":"","jetpack_seo_html_title":"","jetpack_seo_noindex":false,"jetpack_post_was_ever_published":false,"_jetpack_newsletter_access":"","_jetpack_dont_email_post_to_subs":false,"_jetpack_newsletter_tier_id":0,"_jetpack_memberships_contains_paywalled_content":false,"_jetpack_memberships_contains_paid_content":false,"footnotes":"","jetpack_publicize_message":"","jetpack_publicize_feature_enabled":true,"jetpack_social_post_already_shared":false,"jetpack_social_options":{"image_generator_settings":{"template":"highway","default_image_id":0,"font":"","enabled":false},"version":2}},"categories":[3],"tags":[],"class_list":["post-61","post","type-post","status-publish","format-standard","hentry","category-barnportratt"],"jetpack_publicize_connections":[],"jetpack_featured_media_url":"","jetpack_shortlink":"https:\/\/wp.me\/p8u969-Z","jetpack-related-posts":[],"jetpack_likes_enabled":true,"jetpack_sharing_enabled":true,"_links":{"self":[{"href":"https:\/\/bildateljen.se\/index.php?rest_route=\/wp\/v2\/posts\/61","targetHints":{"allow":["GET"]}}],"collection":[{"href":"https:\/\/bildateljen.se\/index.php?rest_route=\/wp\/v2\/posts"}],"about":[{"href":"https:\/\/bildateljen.se\/index.php?rest_route=\/wp\/v2\/types\/post"}],"author":[{"embeddable":true,"href":"https:\/\/bildateljen.se\/index.php?rest_route=\/wp\/v2\/users\/1"}],"replies":[{"embeddable":true,"href":"https:\/\/bildateljen.se\/index.php?rest_route=%2Fwp%2Fv2%2Fcomments&post=61"}],"version-history":[{"count":4,"href":"https:\/\/bildateljen.se\/index.php?rest_route=\/wp\/v2\/posts\/61\/revisions"}],"predecessor-version":[{"id":64,"href":"https:\/\/bildateljen.se\/index.php?rest_route=\/wp\/v2\/posts\/61\/revisions\/64"}],"wp:attachment":[{"href":"https:\/\/bildateljen.se\/index.php?rest_route=%2Fwp%2Fv2%2Fmedia&parent=61"}],"wp:term":[{"taxonomy":"category","embeddable":true,"href":"https:\/\/bildateljen.se\/index.php?rest_route=%2Fwp%2Fv2%2Fcategories&post=61"},{"taxonomy":"post_tag","embeddable":true,"href":"https:\/\/bildateljen.se\/index.php?rest_route=%2Fwp%2Fv2%2Ftags&post=61"}],"curies":[{"name":"wp","href":"https:\/\/api.w.org\/{rel}","templated":true}]}}