{"id":468,"date":"2012-08-14T09:16:44","date_gmt":"2012-08-14T08:16:44","guid":{"rendered":"http:\/\/bildateljen.se\/?p=468"},"modified":"2013-03-04T12:00:57","modified_gmt":"2013-03-04T11:00:57","slug":"oppettider-2","status":"publish","type":"post","link":"https:\/\/bildateljen.se\/?p=468","title":{"rendered":"\u00d6ppettider"},"content":{"rendered":"<p>\u00c4ndrade \u00f6ppettider: \u00d6ppnar ca 13.00 idag m\u00e5ndag 4 mars<\/p>\n<p><span style=\"text-decoration: underline;\"><strong>Ordinarie \u00f6ppettider<\/strong><\/span><\/p>\n<p>M\u00e5ndag &#8211; tisdag 12-18<\/p>\n<p>Onsdag st\u00e4ngt<\/p>\n<p>Torsdag &#8211; fredag  12-17<\/p>\n<p><strong>Fotograferingar bokas sj\u00e4lvklart ocks\u00e5 utanf\u00f6r dessa tider, f\u00f6rutom ID-foto.<\/strong><\/p>\n<!-- AddThis Advanced Settings generic via filter on the_content --><!-- AddThis Share Buttons generic via filter on the_content -->","protected":false},"excerpt":{"rendered":"<p>\u00c4ndrade \u00f6ppettider: \u00d6ppnar ca 13.00 idag m\u00e5ndag 4 mars Ordinarie \u00f6ppettider M\u00e5ndag &#8211; tisdag 12-18 Onsdag st\u00e4ngt Torsdag &#8211; fredag 12-17 Fotograferingar bokas sj\u00e4lvklart ocks\u00e5 utanf\u00f6r dessa tider, f\u00f6rutom ID-foto.<!-- AddThis Advanced Settings generic via filter on get_the_excerpt --><!-- AddThis Share Buttons generic via filter on get_the_excerpt --><\/p>\n","protected":false},"author":1,"featured_media":0,"comment_status":"open","ping_status":"open","sticky":false,"template":"","format":"standard","meta":{"advanced_seo_description":"","jetpack_seo_html_title":"","jetpack_seo_noindex":false,"jetpack_post_was_ever_published":false,"_jetpack_newsletter_access":"","_jetpack_dont_email_post_to_subs":false,"_jetpack_newsletter_tier_id":0,"_jetpack_memberships_contains_paywalled_content":false,"_jetpack_memberships_contains_paid_content":false,"footnotes":"","jetpack_publicize_message":"","jetpack_publicize_feature_enabled":true,"jetpack_social_post_already_shared":false,"jetpack_social_options":{"image_generator_settings":{"template":"highway","default_image_id":0,"font":"","enabled":false},"version":2}},"categories":[7],"tags":[],"class_list":["post-468","post","type-post","status-publish","format-standard","hentry","category-oppettider"],"jetpack_publicize_connections":[],"jetpack_featured_media_url":"","jetpack_shortlink":"https:\/\/wp.me\/p8u969-7y","jetpack-related-posts":[],"jetpack_likes_enabled":true,"jetpack_sharing_enabled":true,"_links":{"self":[{"href":"https:\/\/bildateljen.se\/index.php?rest_route=\/wp\/v2\/posts\/468","targetHints":{"allow":["GET"]}}],"collection":[{"href":"https:\/\/bildateljen.se\/index.php?rest_route=\/wp\/v2\/posts"}],"about":[{"href":"https:\/\/bildateljen.se\/index.php?rest_route=\/wp\/v2\/types\/post"}],"author":[{"embeddable":true,"href":"https:\/\/bildateljen.se\/index.php?rest_route=\/wp\/v2\/users\/1"}],"replies":[{"embeddable":true,"href":"https:\/\/bildateljen.se\/index.php?rest_route=%2Fwp%2Fv2%2Fcomments&post=468"}],"version-history":[{"count":13,"href":"https:\/\/bildateljen.se\/index.php?rest_route=\/wp\/v2\/posts\/468\/revisions"}],"predecessor-version":[{"id":471,"href":"https:\/\/bildateljen.se\/index.php?rest_route=\/wp\/v2\/posts\/468\/revisions\/471"}],"wp:attachment":[{"href":"https:\/\/bildateljen.se\/index.php?rest_route=%2Fwp%2Fv2%2Fmedia&parent=468"}],"wp:term":[{"taxonomy":"category","embeddable":true,"href":"https:\/\/bildateljen.se\/index.php?rest_route=%2Fwp%2Fv2%2Fcategories&post=468"},{"taxonomy":"post_tag","embeddable":true,"href":"https:\/\/bildateljen.se\/index.php?rest_route=%2Fwp%2Fv2%2Ftags&post=468"}],"curies":[{"name":"wp","href":"https:\/\/api.w.org\/{rel}","templated":true}]}}