{"id":395,"date":"2012-05-30T20:19:19","date_gmt":"2012-05-30T19:19:19","guid":{"rendered":"http:\/\/bildateljen.se\/?p=395"},"modified":"2012-05-30T20:19:19","modified_gmt":"2012-05-30T19:19:19","slug":"en-blivande-fotograf-i-ateljen","status":"publish","type":"post","link":"https:\/\/bildateljen.se\/?p=395","title":{"rendered":"En blivande fotograf i ateljen ?"},"content":{"rendered":"<p>H\u00e4r tittar Gabriel p\u00e5 sig sj\u00e4lv p\u00e5 sk\u00e4rmen, men det visar sig att knapparna bredvid \u00e4r mycket mer intressanta. P\u00e5 visningstiden p\u00e5 tisdag blir det<\/p>\n<div id=\"attachment_396\" style=\"width: 1010px\" class=\"wp-caption aligncenter\"><img loading=\"lazy\" decoding=\"async\" aria-describedby=\"caption-attachment-396\" data-attachment-id=\"396\" data-permalink=\"https:\/\/bildateljen.se\/?attachment_id=396\" data-orig-file=\"https:\/\/bildateljen.se\/wp-content\/uploads\/MG_3888.jpg\" data-orig-size=\"1000,563\" data-comments-opened=\"1\" data-image-meta=\"{&quot;aperture&quot;:&quot;2.8&quot;,&quot;credit&quot;:&quot;Lars \\u00c3\\u0085ke Holst&quot;,&quot;camera&quot;:&quot;Canon EOS 5D Mark II&quot;,&quot;caption&quot;:&quot;&quot;,&quot;created_timestamp&quot;:&quot;1338284140&quot;,&quot;copyright&quot;:&quot;Copyright \\u00c2\\u00a9 Lars \\u00c3\\u0085ke Holst bildateljen.se, All Rights Reserved. Detta f\\u00c3\\u00a4lt f\\u00c3\\u00a5r inte \\u00c3\\u00a4ndras eller raderas enligt 6 kap enligt lag (1960:729)&quot;,&quot;focal_length&quot;:&quot;50&quot;,&quot;iso&quot;:&quot;1250&quot;,&quot;shutter_speed&quot;:&quot;0.01&quot;,&quot;title&quot;:&quot;&quot;}\" data-image-title=\"Gabriel\" data-image-description=\"\" data-image-caption=\"&lt;p&gt;En blivande fotograf&lt;\/p&gt;\n\" data-large-file=\"https:\/\/bildateljen.se\/wp-content\/uploads\/MG_3888.jpg\" class=\"size-full wp-image-396\" title=\"Gabriel\" src=\"https:\/\/bildateljen.se\/wp-content\/uploads\/MG_3888.jpg\" alt=\"En blivande fotograf p\u00e5 Gustavsbergs Bildatelje ?\" width=\"1000\" height=\"563\" srcset=\"https:\/\/bildateljen.se\/wp-content\/uploads\/MG_3888.jpg 1000w, https:\/\/bildateljen.se\/wp-content\/uploads\/MG_3888-300x168.jpg 300w\" sizes=\"auto, (max-width: 1000px) 100vw, 1000px\" \/><p id=\"caption-attachment-396\" class=\"wp-caption-text\">En blivande fotograf<\/p><\/div>\n<p>sp\u00e4nnande att se vad det blev f\u00f6r bilder p\u00e5 en 1-\u00e5ring som hellre var bakom \u00e4n framf\u00f6r kameran.<\/p>\n<!-- AddThis Advanced Settings generic via filter on the_content --><!-- AddThis Share Buttons generic via filter on the_content -->","protected":false},"excerpt":{"rendered":"<p>H\u00e4r tittar Gabriel p\u00e5 sig sj\u00e4lv p\u00e5 sk\u00e4rmen, men det visar sig att knapparna bredvid \u00e4r mycket mer intressanta. P\u00e5 visningstiden p\u00e5 tisdag blir det sp\u00e4nnande att se vad det blev f\u00f6r bilder p\u00e5 en 1-\u00e5ring som hellre var bakom \u00e4n framf\u00f6r kameran.<!-- AddThis Advanced Settings generic via filter on get_the_excerpt --><!-- AddThis Share Buttons generic via filter on get_the_excerpt --><\/p>\n","protected":false},"author":1,"featured_media":0,"comment_status":"open","ping_status":"open","sticky":false,"template":"","format":"standard","meta":{"advanced_seo_description":"","jetpack_seo_html_title":"","jetpack_seo_noindex":false,"jetpack_post_was_ever_published":false,"_jetpack_newsletter_access":"","_jetpack_dont_email_post_to_subs":false,"_jetpack_newsletter_tier_id":0,"_jetpack_memberships_contains_paywalled_content":false,"_jetpack_memberships_contains_paid_content":false,"footnotes":"","jetpack_publicize_message":"","jetpack_publicize_feature_enabled":true,"jetpack_social_post_already_shared":false,"jetpack_social_options":{"image_generator_settings":{"template":"highway","default_image_id":0,"font":"","enabled":false},"version":2}},"categories":[3],"tags":[],"class_list":["post-395","post","type-post","status-publish","format-standard","hentry","category-barnportratt"],"jetpack_publicize_connections":[],"jetpack_featured_media_url":"","jetpack_shortlink":"https:\/\/wp.me\/p8u969-6n","jetpack-related-posts":[],"jetpack_likes_enabled":true,"jetpack_sharing_enabled":true,"_links":{"self":[{"href":"https:\/\/bildateljen.se\/index.php?rest_route=\/wp\/v2\/posts\/395","targetHints":{"allow":["GET"]}}],"collection":[{"href":"https:\/\/bildateljen.se\/index.php?rest_route=\/wp\/v2\/posts"}],"about":[{"href":"https:\/\/bildateljen.se\/index.php?rest_route=\/wp\/v2\/types\/post"}],"author":[{"embeddable":true,"href":"https:\/\/bildateljen.se\/index.php?rest_route=\/wp\/v2\/users\/1"}],"replies":[{"embeddable":true,"href":"https:\/\/bildateljen.se\/index.php?rest_route=%2Fwp%2Fv2%2Fcomments&post=395"}],"version-history":[{"count":1,"href":"https:\/\/bildateljen.se\/index.php?rest_route=\/wp\/v2\/posts\/395\/revisions"}],"predecessor-version":[{"id":397,"href":"https:\/\/bildateljen.se\/index.php?rest_route=\/wp\/v2\/posts\/395\/revisions\/397"}],"wp:attachment":[{"href":"https:\/\/bildateljen.se\/index.php?rest_route=%2Fwp%2Fv2%2Fmedia&parent=395"}],"wp:term":[{"taxonomy":"category","embeddable":true,"href":"https:\/\/bildateljen.se\/index.php?rest_route=%2Fwp%2Fv2%2Fcategories&post=395"},{"taxonomy":"post_tag","embeddable":true,"href":"https:\/\/bildateljen.se\/index.php?rest_route=%2Fwp%2Fv2%2Ftags&post=395"}],"curies":[{"name":"wp","href":"https:\/\/api.w.org\/{rel}","templated":true}]}}