{"id":388,"date":"2012-05-04T16:08:36","date_gmt":"2012-05-04T15:08:36","guid":{"rendered":"http:\/\/bildateljen.se\/?p=388"},"modified":"2012-05-04T16:08:36","modified_gmt":"2012-05-04T15:08:36","slug":"2-bilder-till-pa-sota-olivia-har-ar-det-foraldrarnas-favoriter","status":"publish","type":"post","link":"https:\/\/bildateljen.se\/?p=388","title":{"rendered":"2 bilder till p\u00e5 s\u00f6ta Olivia. H\u00e4r \u00e4r det f\u00f6r\u00e4ldrarnas favoriter."},"content":{"rendered":"<p><img loading=\"lazy\" decoding=\"async\" class=\"pp-insert-all size-full aligncenter has-caption\" src=\"https:\/\/bildateljen.se\/wp-content\/uploads\/olivia.jpg\" alt=\"Olivia fr\u00e5n sin ljusa och glada sida.\" width=\"1000\" height=\"693\" \/><\/p>\n<p class=\"pp-caption pp-insert-all-caption\">Olivia fr\u00e5n den glada sidan p\u00e5 bild fr\u00e5n Gustavsbergs Bildatelje<\/p>\n<!-- AddThis Advanced Settings generic via filter on the_content --><!-- AddThis Share Buttons generic via filter on the_content -->","protected":false},"excerpt":{"rendered":"<p>Olivia fr\u00e5n den glada sidan p\u00e5 bild fr\u00e5n Gustavsbergs Bildatelje<!-- AddThis Advanced Settings generic via filter on get_the_excerpt --><!-- AddThis Share Buttons generic via filter on get_the_excerpt --><\/p>\n","protected":false},"author":1,"featured_media":0,"comment_status":"open","ping_status":"open","sticky":false,"template":"","format":"standard","meta":{"advanced_seo_description":"","jetpack_seo_html_title":"","jetpack_seo_noindex":false,"jetpack_post_was_ever_published":false,"_jetpack_newsletter_access":"","_jetpack_dont_email_post_to_subs":false,"_jetpack_newsletter_tier_id":0,"_jetpack_memberships_contains_paywalled_content":false,"_jetpack_memberships_contains_paid_content":false,"footnotes":"","jetpack_publicize_message":"","jetpack_publicize_feature_enabled":true,"jetpack_social_post_already_shared":false,"jetpack_social_options":{"image_generator_settings":{"template":"highway","default_image_id":0,"font":"","enabled":false},"version":2}},"categories":[3],"tags":[],"class_list":["post-388","post","type-post","status-publish","format-standard","hentry","category-barnportratt"],"jetpack_publicize_connections":[],"jetpack_featured_media_url":"","jetpack_shortlink":"https:\/\/wp.me\/p8u969-6g","jetpack-related-posts":[],"jetpack_likes_enabled":true,"jetpack_sharing_enabled":true,"_links":{"self":[{"href":"https:\/\/bildateljen.se\/index.php?rest_route=\/wp\/v2\/posts\/388","targetHints":{"allow":["GET"]}}],"collection":[{"href":"https:\/\/bildateljen.se\/index.php?rest_route=\/wp\/v2\/posts"}],"about":[{"href":"https:\/\/bildateljen.se\/index.php?rest_route=\/wp\/v2\/types\/post"}],"author":[{"embeddable":true,"href":"https:\/\/bildateljen.se\/index.php?rest_route=\/wp\/v2\/users\/1"}],"replies":[{"embeddable":true,"href":"https:\/\/bildateljen.se\/index.php?rest_route=%2Fwp%2Fv2%2Fcomments&post=388"}],"version-history":[{"count":1,"href":"https:\/\/bildateljen.se\/index.php?rest_route=\/wp\/v2\/posts\/388\/revisions"}],"predecessor-version":[{"id":390,"href":"https:\/\/bildateljen.se\/index.php?rest_route=\/wp\/v2\/posts\/388\/revisions\/390"}],"wp:attachment":[{"href":"https:\/\/bildateljen.se\/index.php?rest_route=%2Fwp%2Fv2%2Fmedia&parent=388"}],"wp:term":[{"taxonomy":"category","embeddable":true,"href":"https:\/\/bildateljen.se\/index.php?rest_route=%2Fwp%2Fv2%2Fcategories&post=388"},{"taxonomy":"post_tag","embeddable":true,"href":"https:\/\/bildateljen.se\/index.php?rest_route=%2Fwp%2Fv2%2Ftags&post=388"}],"curies":[{"name":"wp","href":"https:\/\/api.w.org\/{rel}","templated":true}]}}