{"id":384,"date":"2012-05-04T13:06:00","date_gmt":"2012-05-04T12:06:00","guid":{"rendered":"http:\/\/bildateljen.se\/?p=384"},"modified":"2012-05-04T13:06:00","modified_gmt":"2012-05-04T12:06:00","slug":"olivias-foraldrar-var-har-pa-en-visningstid-i-gar","status":"publish","type":"post","link":"https:\/\/bildateljen.se\/?p=384","title":{"rendered":"Olivias f\u00f6r\u00e4ldrar var h\u00e4r p\u00e5 en visningstid i g\u00e5r."},"content":{"rendered":"<p>Det h\u00e4r var en bild som de inte best\u00e4llde. Olivia hade ett s\u00e5 fantastiskt minspel p\u00e5 de flesta bilderna. Sj\u00e4lv tycker jag att den h\u00e4r \u00e4r obetalbar.<img loading=\"lazy\" decoding=\"async\" class=\"pp-insert-all size-full aligncenter has-caption\" title=\"Olivia i tunnan p\u00e5 Gustavsbergs Bildatelje\" src=\"https:\/\/bildateljen.se\/wp-content\/uploads\/U6I8473.jpg\" alt=\"Olivia i tunnan\" width=\"814\" height=\"1000\" \/><\/p>\n<p class=\"pp-caption pp-insert-all-caption\">Inte glad men bra !<\/p>\n<!-- AddThis Advanced Settings generic via filter on the_content --><!-- AddThis Share Buttons generic via filter on the_content -->","protected":false},"excerpt":{"rendered":"<p>Det h\u00e4r var en bild som de inte best\u00e4llde. Olivia hade ett s\u00e5 fantastiskt minspel p\u00e5 de flesta bilderna. Sj\u00e4lv tycker jag att den h\u00e4r \u00e4r obetalbar. Inte glad men bra !<!-- AddThis Advanced Settings generic via filter on get_the_excerpt --><!-- AddThis Share Buttons generic via filter on get_the_excerpt --><\/p>\n","protected":false},"author":1,"featured_media":0,"comment_status":"open","ping_status":"open","sticky":false,"template":"","format":"standard","meta":{"advanced_seo_description":"","jetpack_seo_html_title":"","jetpack_seo_noindex":false,"jetpack_post_was_ever_published":false,"_jetpack_newsletter_access":"","_jetpack_dont_email_post_to_subs":false,"_jetpack_newsletter_tier_id":0,"_jetpack_memberships_contains_paywalled_content":false,"_jetpack_memberships_contains_paid_content":false,"footnotes":"","jetpack_publicize_message":"","jetpack_publicize_feature_enabled":true,"jetpack_social_post_already_shared":false,"jetpack_social_options":{"image_generator_settings":{"template":"highway","default_image_id":0,"font":"","enabled":false},"version":2}},"categories":[3],"tags":[],"class_list":["post-384","post","type-post","status-publish","format-standard","hentry","category-barnportratt"],"jetpack_publicize_connections":[],"jetpack_featured_media_url":"","jetpack_shortlink":"https:\/\/wp.me\/p8u969-6c","jetpack-related-posts":[],"jetpack_likes_enabled":true,"jetpack_sharing_enabled":true,"_links":{"self":[{"href":"https:\/\/bildateljen.se\/index.php?rest_route=\/wp\/v2\/posts\/384","targetHints":{"allow":["GET"]}}],"collection":[{"href":"https:\/\/bildateljen.se\/index.php?rest_route=\/wp\/v2\/posts"}],"about":[{"href":"https:\/\/bildateljen.se\/index.php?rest_route=\/wp\/v2\/types\/post"}],"author":[{"embeddable":true,"href":"https:\/\/bildateljen.se\/index.php?rest_route=\/wp\/v2\/users\/1"}],"replies":[{"embeddable":true,"href":"https:\/\/bildateljen.se\/index.php?rest_route=%2Fwp%2Fv2%2Fcomments&post=384"}],"version-history":[{"count":2,"href":"https:\/\/bildateljen.se\/index.php?rest_route=\/wp\/v2\/posts\/384\/revisions"}],"predecessor-version":[{"id":387,"href":"https:\/\/bildateljen.se\/index.php?rest_route=\/wp\/v2\/posts\/384\/revisions\/387"}],"wp:attachment":[{"href":"https:\/\/bildateljen.se\/index.php?rest_route=%2Fwp%2Fv2%2Fmedia&parent=384"}],"wp:term":[{"taxonomy":"category","embeddable":true,"href":"https:\/\/bildateljen.se\/index.php?rest_route=%2Fwp%2Fv2%2Fcategories&post=384"},{"taxonomy":"post_tag","embeddable":true,"href":"https:\/\/bildateljen.se\/index.php?rest_route=%2Fwp%2Fv2%2Ftags&post=384"}],"curies":[{"name":"wp","href":"https:\/\/api.w.org\/{rel}","templated":true}]}}