{"id":340,"date":"2012-03-15T08:55:14","date_gmt":"2012-03-15T07:55:14","guid":{"rendered":"http:\/\/bildateljen.se\/?p=340"},"modified":"2012-03-15T08:55:14","modified_gmt":"2012-03-15T07:55:14","slug":"igar-var-vanessa-och-cornelias-foraldrar-pa-bildvisning-i-ateljen","status":"publish","type":"post","link":"https:\/\/bildateljen.se\/?p=340","title":{"rendered":"Ig\u00e5r var Vanessa och Cornelias f\u00f6r\u00e4ldrar p\u00e5 bildvisning i Atelj\u00e9n"},"content":{"rendered":"<p><img loading=\"lazy\" decoding=\"async\" class=\"pp-insert-all size-full aligncenter has-caption\" src=\"https:\/\/bildateljen.se\/wp-content\/uploads\/Cornelia-och-Vanessa.jpg\" alt=\"Gustavsbergs Bildatelje\" width=\"1000\" height=\"750\" \/><\/p>\n<p class=\"pp-caption pp-insert-all-caption\">Cornelia och Vanessa spelar gitarr p\u00e5 Gustavsbergs Bildatelje<\/p>\n<!-- AddThis Advanced Settings generic via filter on the_content --><!-- AddThis Share Buttons generic via filter on the_content -->","protected":false},"excerpt":{"rendered":"<p>Cornelia och Vanessa spelar gitarr p\u00e5 Gustavsbergs Bildatelje<!-- AddThis Advanced Settings generic via filter on get_the_excerpt --><!-- AddThis Share Buttons generic via filter on get_the_excerpt --><\/p>\n","protected":false},"author":1,"featured_media":0,"comment_status":"open","ping_status":"open","sticky":false,"template":"","format":"standard","meta":{"advanced_seo_description":"","jetpack_seo_html_title":"","jetpack_seo_noindex":false,"jetpack_post_was_ever_published":false,"_jetpack_newsletter_access":"","_jetpack_dont_email_post_to_subs":false,"_jetpack_newsletter_tier_id":0,"_jetpack_memberships_contains_paywalled_content":false,"_jetpack_memberships_contains_paid_content":false,"footnotes":"","jetpack_publicize_message":"","jetpack_publicize_feature_enabled":true,"jetpack_social_post_already_shared":false,"jetpack_social_options":{"image_generator_settings":{"template":"highway","default_image_id":0,"font":"","enabled":false},"version":2}},"categories":[3,13],"tags":[],"class_list":["post-340","post","type-post","status-publish","format-standard","hentry","category-barnportratt","category-syskonbilder"],"jetpack_publicize_connections":[],"jetpack_featured_media_url":"","jetpack_shortlink":"https:\/\/wp.me\/p8u969-5u","jetpack-related-posts":[],"jetpack_likes_enabled":true,"jetpack_sharing_enabled":true,"_links":{"self":[{"href":"https:\/\/bildateljen.se\/index.php?rest_route=\/wp\/v2\/posts\/340","targetHints":{"allow":["GET"]}}],"collection":[{"href":"https:\/\/bildateljen.se\/index.php?rest_route=\/wp\/v2\/posts"}],"about":[{"href":"https:\/\/bildateljen.se\/index.php?rest_route=\/wp\/v2\/types\/post"}],"author":[{"embeddable":true,"href":"https:\/\/bildateljen.se\/index.php?rest_route=\/wp\/v2\/users\/1"}],"replies":[{"embeddable":true,"href":"https:\/\/bildateljen.se\/index.php?rest_route=%2Fwp%2Fv2%2Fcomments&post=340"}],"version-history":[{"count":2,"href":"https:\/\/bildateljen.se\/index.php?rest_route=\/wp\/v2\/posts\/340\/revisions"}],"predecessor-version":[{"id":349,"href":"https:\/\/bildateljen.se\/index.php?rest_route=\/wp\/v2\/posts\/340\/revisions\/349"}],"wp:attachment":[{"href":"https:\/\/bildateljen.se\/index.php?rest_route=%2Fwp%2Fv2%2Fmedia&parent=340"}],"wp:term":[{"taxonomy":"category","embeddable":true,"href":"https:\/\/bildateljen.se\/index.php?rest_route=%2Fwp%2Fv2%2Fcategories&post=340"},{"taxonomy":"post_tag","embeddable":true,"href":"https:\/\/bildateljen.se\/index.php?rest_route=%2Fwp%2Fv2%2Ftags&post=340"}],"curies":[{"name":"wp","href":"https:\/\/api.w.org\/{rel}","templated":true}]}}