{"id":328,"date":"2012-02-28T08:51:51","date_gmt":"2012-02-28T07:51:51","guid":{"rendered":"http:\/\/bildateljen.se\/?p=328"},"modified":"2012-02-28T08:51:51","modified_gmt":"2012-02-28T07:51:51","slug":"pa-vagen-hem-fran-vasteras-tittade-jag-in-pa-smajl-studio-i-taby","status":"publish","type":"post","link":"https:\/\/bildateljen.se\/?p=328","title":{"rendered":"P\u00e5 v\u00e4gen hem fr\u00e5n V\u00e4ster\u00e5s tittade jag in p\u00e5 Smajl studio i T\u00e4by"},"content":{"rendered":"<p><img loading=\"lazy\" decoding=\"async\" class=\"pp-insert-all size-full aligncenter has-caption\" title=\"bildateljen.se bes\u00f6ker Smajlstudio\" src=\"https:\/\/bildateljen.se\/wp-content\/uploads\/IMG_0208-Edit.jpg\" alt=\"\" width=\"1000\" height=\"501\" \/>Anne pekar ut Magnus n\u00e4r han var 6-\u00e5r, fotograferad med sina systrar, &#8211; eller inte !<\/p>\n<p>Magnus visar upp sitt senaste projekt, lite hemligt !<\/p>\n<p class=\"pp-caption pp-insert-all-caption\">Jag bes\u00f6ker Smajlstudio i T\u00e4by<\/p>\n<!-- AddThis Advanced Settings generic via filter on the_content --><!-- AddThis Share Buttons generic via filter on the_content -->","protected":false},"excerpt":{"rendered":"<p>Anne pekar ut Magnus n\u00e4r han var 6-\u00e5r, fotograferad med sina systrar, &#8211; eller inte ! Magnus visar upp sitt senaste projekt, lite hemligt ! Jag bes\u00f6ker Smajlstudio i T\u00e4by<!-- AddThis Advanced Settings generic via filter on get_the_excerpt --><!-- AddThis Share Buttons generic via filter on get_the_excerpt --><\/p>\n","protected":false},"author":1,"featured_media":0,"comment_status":"open","ping_status":"open","sticky":false,"template":"","format":"standard","meta":{"advanced_seo_description":"","jetpack_seo_html_title":"","jetpack_seo_noindex":false,"jetpack_post_was_ever_published":false,"_jetpack_newsletter_access":"","_jetpack_dont_email_post_to_subs":false,"_jetpack_newsletter_tier_id":0,"_jetpack_memberships_contains_paywalled_content":false,"_jetpack_memberships_contains_paid_content":false,"footnotes":"","jetpack_publicize_message":"","jetpack_publicize_feature_enabled":true,"jetpack_social_post_already_shared":false,"jetpack_social_options":{"image_generator_settings":{"template":"highway","default_image_id":0,"font":"","enabled":false},"version":2}},"categories":[12],"tags":[],"class_list":["post-328","post","type-post","status-publish","format-standard","hentry","category-foretag"],"jetpack_publicize_connections":[],"jetpack_featured_media_url":"","jetpack_shortlink":"https:\/\/wp.me\/p8u969-5i","jetpack-related-posts":[],"jetpack_likes_enabled":true,"jetpack_sharing_enabled":true,"_links":{"self":[{"href":"https:\/\/bildateljen.se\/index.php?rest_route=\/wp\/v2\/posts\/328","targetHints":{"allow":["GET"]}}],"collection":[{"href":"https:\/\/bildateljen.se\/index.php?rest_route=\/wp\/v2\/posts"}],"about":[{"href":"https:\/\/bildateljen.se\/index.php?rest_route=\/wp\/v2\/types\/post"}],"author":[{"embeddable":true,"href":"https:\/\/bildateljen.se\/index.php?rest_route=\/wp\/v2\/users\/1"}],"replies":[{"embeddable":true,"href":"https:\/\/bildateljen.se\/index.php?rest_route=%2Fwp%2Fv2%2Fcomments&post=328"}],"version-history":[{"count":1,"href":"https:\/\/bildateljen.se\/index.php?rest_route=\/wp\/v2\/posts\/328\/revisions"}],"predecessor-version":[{"id":330,"href":"https:\/\/bildateljen.se\/index.php?rest_route=\/wp\/v2\/posts\/328\/revisions\/330"}],"wp:attachment":[{"href":"https:\/\/bildateljen.se\/index.php?rest_route=%2Fwp%2Fv2%2Fmedia&parent=328"}],"wp:term":[{"taxonomy":"category","embeddable":true,"href":"https:\/\/bildateljen.se\/index.php?rest_route=%2Fwp%2Fv2%2Fcategories&post=328"},{"taxonomy":"post_tag","embeddable":true,"href":"https:\/\/bildateljen.se\/index.php?rest_route=%2Fwp%2Fv2%2Ftags&post=328"}],"curies":[{"name":"wp","href":"https:\/\/api.w.org\/{rel}","templated":true}]}}