{"id":29,"date":"2011-01-18T17:39:26","date_gmt":"2011-01-18T16:39:26","guid":{"rendered":"http:\/\/bildateljen.se\/?p=29"},"modified":"2012-01-24T21:13:21","modified_gmt":"2012-01-24T20:13:21","slug":"david-kom-tillbaka-till-sin-1-ars-fotografering-nu-mer-1-o-12-ar-gammal","status":"publish","type":"post","link":"https:\/\/bildateljen.se\/?p=29","title":{"rendered":"David kom tillbaka till  sin 1 \u00e5rs fotografering. Nu mer 1 o 1\/2 \u00e5r gammal."},"content":{"rendered":"<p><img decoding=\"async\" class=\"p3-lightbox-gallery-holder p3-placeholder p3-gallery-imported aligncenter\" src=\"http:\/\/prophoto.s3.amazonaws.com\/img\/p3-lightbox-gal-placeholder.gif\" alt=\"\" \/><img decoding=\"async\" src=\"https:\/\/bildateljen.se\/wp-content\/uploads\/p4\/placeholders\/lightbox-placeholder-1000298060.jpg\" class=\"pp-lightbox-placeholder pp-gallery-placeholder lightbox-1000298060 mceItem\" \/>Hejsan !<br \/>\nOch tack f\u00f6r senast !\u2028Nu har jag lagt upp er s\u00e5 att Maj-Britt kan titta p\u00e5 bilderna i mobilen.<br \/>\nTill skillnad fr\u00e5n bilderna som jag la upp till er f\u00f6r best\u00e4llning har jag lagt ihop familjebilderna till en som ni ser h\u00e4r ovan.<\/p>\n<p>Nyinlagt blogginl\u00e4gg fr\u00e5n gamla bloggen !<\/p>\n<!-- AddThis Advanced Settings generic via filter on the_content --><!-- AddThis Share Buttons generic via filter on the_content -->","protected":false},"excerpt":{"rendered":"<p>Hejsan ! Och tack f\u00f6r senast !\u2028Nu har jag lagt upp er s\u00e5 att Maj-Britt kan titta p\u00e5 bilderna i mobilen. Till skillnad fr\u00e5n bilderna som jag la upp till er f\u00f6r best\u00e4llning har jag lagt ihop familjebilderna till en som ni ser h\u00e4r ovan. Nyinlagt blogginl\u00e4gg fr\u00e5n gamla bloggen !<!-- AddThis Advanced Settings generic via filter on get_the_excerpt --><!-- AddThis Share Buttons generic via filter on get_the_excerpt --><\/p>\n","protected":false},"author":1,"featured_media":0,"comment_status":"open","ping_status":"open","sticky":false,"template":"","format":"standard","meta":{"advanced_seo_description":"","jetpack_seo_html_title":"","jetpack_seo_noindex":false,"jetpack_post_was_ever_published":false,"_jetpack_newsletter_access":"","_jetpack_dont_email_post_to_subs":false,"_jetpack_newsletter_tier_id":0,"_jetpack_memberships_contains_paywalled_content":false,"_jetpack_memberships_contains_paid_content":false,"footnotes":"","jetpack_publicize_message":"","jetpack_publicize_feature_enabled":true,"jetpack_social_post_already_shared":false,"jetpack_social_options":{"image_generator_settings":{"template":"highway","default_image_id":0,"font":"","enabled":false},"version":2}},"categories":[3],"tags":[],"class_list":["post-29","post","type-post","status-publish","format-standard","hentry","category-barnportratt"],"jetpack_publicize_connections":[],"jetpack_featured_media_url":"","jetpack_shortlink":"https:\/\/wp.me\/p8u969-t","jetpack-related-posts":[],"jetpack_likes_enabled":true,"jetpack_sharing_enabled":true,"_links":{"self":[{"href":"https:\/\/bildateljen.se\/index.php?rest_route=\/wp\/v2\/posts\/29","targetHints":{"allow":["GET"]}}],"collection":[{"href":"https:\/\/bildateljen.se\/index.php?rest_route=\/wp\/v2\/posts"}],"about":[{"href":"https:\/\/bildateljen.se\/index.php?rest_route=\/wp\/v2\/types\/post"}],"author":[{"embeddable":true,"href":"https:\/\/bildateljen.se\/index.php?rest_route=\/wp\/v2\/users\/1"}],"replies":[{"embeddable":true,"href":"https:\/\/bildateljen.se\/index.php?rest_route=%2Fwp%2Fv2%2Fcomments&post=29"}],"version-history":[{"count":7,"href":"https:\/\/bildateljen.se\/index.php?rest_route=\/wp\/v2\/posts\/29\/revisions"}],"predecessor-version":[{"id":294,"href":"https:\/\/bildateljen.se\/index.php?rest_route=\/wp\/v2\/posts\/29\/revisions\/294"}],"wp:attachment":[{"href":"https:\/\/bildateljen.se\/index.php?rest_route=%2Fwp%2Fv2%2Fmedia&parent=29"}],"wp:term":[{"taxonomy":"category","embeddable":true,"href":"https:\/\/bildateljen.se\/index.php?rest_route=%2Fwp%2Fv2%2Fcategories&post=29"},{"taxonomy":"post_tag","embeddable":true,"href":"https:\/\/bildateljen.se\/index.php?rest_route=%2Fwp%2Fv2%2Ftags&post=29"}],"curies":[{"name":"wp","href":"https:\/\/api.w.org\/{rel}","templated":true}]}}