{"id":24,"date":"2011-01-18T17:14:19","date_gmt":"2011-01-18T16:14:19","guid":{"rendered":"http:\/\/bildateljen.se\/?p=24"},"modified":"2011-02-03T15:46:01","modified_gmt":"2011-02-03T14:46:01","slug":"emma-fotograferar-melvin","status":"publish","type":"post","link":"https:\/\/bildateljen.se\/?p=24","title":{"rendered":"Emma fotograferar Melvin"},"content":{"rendered":"<p>Sista dagen p\u00e5 sportlovsveckan f\u00f6r Stockholms skolor. Jag \u00e4r uppe i Idrefj\u00e4llen och kurerar min l\u00e5ngvariga f\u00f6rkylning medan Emma tar emot Melvin p\u00e5 f\u00f6rmiddagen och familjen Holmqvist innan st\u00e4ngningsdags p\u00e5 eftermiddagen.<br \/>\nMelvin fick sin fotografering i dop-present. Om du vill ge bort en fotografering. Ring oss och k\u00f6p ett presentkort eller g\u00e5 in p\u00e5 svenskafotogruppen.se under presentkort och g\u00f6r din best\u00e4llning p\u00e5 ett Fotogram.  <img loading=\"lazy\" decoding=\"async\" class=\"p3-insert-all size-full aligncenter\" title=\"Melvin\" src=\"https:\/\/bildateljen.se\/wp-content\/uploads\/Melvin.jpg\" alt=\"\" width=\"900\" height=\"225\" \/><\/p>\n<p>Nyinlagt blogginl\u00e4gg fr\u00e5n gamla bloggen !<\/p>\n<!-- AddThis Advanced Settings generic via filter on the_content --><!-- AddThis Share Buttons generic via filter on the_content -->","protected":false},"excerpt":{"rendered":"<p>Sista dagen p\u00e5 sportlovsveckan f\u00f6r Stockholms skolor. Jag \u00e4r uppe i Idrefj\u00e4llen och kurerar min l\u00e5ngvariga f\u00f6rkylning medan Emma tar emot Melvin p\u00e5 f\u00f6rmiddagen och familjen Holmqvist innan st\u00e4ngningsdags p\u00e5 eftermiddagen. Melvin fick sin fotografering i dop-present. Om du vill ge bort en fotografering. Ring oss och k\u00f6p ett presentkort eller g\u00e5 in p\u00e5 svenskafotogruppen.se [&hellip;]<!-- AddThis Advanced Settings generic via filter on get_the_excerpt --><!-- AddThis Share Buttons generic via filter on get_the_excerpt --><\/p>\n","protected":false},"author":1,"featured_media":0,"comment_status":"open","ping_status":"open","sticky":false,"template":"","format":"standard","meta":{"advanced_seo_description":"","jetpack_seo_html_title":"","jetpack_seo_noindex":false,"jetpack_post_was_ever_published":false,"_jetpack_newsletter_access":"","_jetpack_dont_email_post_to_subs":false,"_jetpack_newsletter_tier_id":0,"_jetpack_memberships_contains_paywalled_content":false,"_jetpack_memberships_contains_paid_content":false,"footnotes":"","jetpack_publicize_message":"","jetpack_publicize_feature_enabled":true,"jetpack_social_post_already_shared":false,"jetpack_social_options":{"image_generator_settings":{"template":"highway","default_image_id":0,"font":"","enabled":false},"version":2}},"categories":[3],"tags":[],"class_list":["post-24","post","type-post","status-publish","format-standard","hentry","category-barnportratt"],"jetpack_publicize_connections":[],"jetpack_featured_media_url":"","jetpack_shortlink":"https:\/\/wp.me\/p8u969-o","jetpack-related-posts":[],"jetpack_likes_enabled":true,"jetpack_sharing_enabled":true,"_links":{"self":[{"href":"https:\/\/bildateljen.se\/index.php?rest_route=\/wp\/v2\/posts\/24","targetHints":{"allow":["GET"]}}],"collection":[{"href":"https:\/\/bildateljen.se\/index.php?rest_route=\/wp\/v2\/posts"}],"about":[{"href":"https:\/\/bildateljen.se\/index.php?rest_route=\/wp\/v2\/types\/post"}],"author":[{"embeddable":true,"href":"https:\/\/bildateljen.se\/index.php?rest_route=\/wp\/v2\/users\/1"}],"replies":[{"embeddable":true,"href":"https:\/\/bildateljen.se\/index.php?rest_route=%2Fwp%2Fv2%2Fcomments&post=24"}],"version-history":[{"count":4,"href":"https:\/\/bildateljen.se\/index.php?rest_route=\/wp\/v2\/posts\/24\/revisions"}],"predecessor-version":[{"id":69,"href":"https:\/\/bildateljen.se\/index.php?rest_route=\/wp\/v2\/posts\/24\/revisions\/69"}],"wp:attachment":[{"href":"https:\/\/bildateljen.se\/index.php?rest_route=%2Fwp%2Fv2%2Fmedia&parent=24"}],"wp:term":[{"taxonomy":"category","embeddable":true,"href":"https:\/\/bildateljen.se\/index.php?rest_route=%2Fwp%2Fv2%2Fcategories&post=24"},{"taxonomy":"post_tag","embeddable":true,"href":"https:\/\/bildateljen.se\/index.php?rest_route=%2Fwp%2Fv2%2Ftags&post=24"}],"curies":[{"name":"wp","href":"https:\/\/api.w.org\/{rel}","templated":true}]}}