{"id":16,"date":"2011-01-18T15:13:13","date_gmt":"2011-01-18T14:13:13","guid":{"rendered":"http:\/\/bildateljen.se\/?p=16"},"modified":"2011-02-03T15:46:22","modified_gmt":"2011-02-03T14:46:22","slug":"vinterseminarium-to-28-jan-2010","status":"publish","type":"post","link":"https:\/\/bildateljen.se\/?p=16","title":{"rendered":"Vinterseminarium to 28 jan 2010"},"content":{"rendered":"<p>L\u00e5gs\u00e4songen till trots har redan januari passerat och vi \u00e4r mitt inne i februari m\u00e5nad. Vi f\u00e5r lite mer tid \u00f6ver till planering av \u00e5ret. Vi har skaffat oss en Tv i skylten f\u00f6r att visa bildspel.<\/p>\n<p>Gruppen med fotografer fick lyssna till Svein Bringsdal en norsk modefotograf med v\u00e4rlden som arbetsf\u00e4lt. Du kan se hans bilder p\u00e5 http:\/\/svein<\/p>\n<p>bringsdal.com\/<br \/>\nHans specialitet var att montera in modeller fotograferade i studion, i spektakul\u00e4ra naturbilder. Ett exempel p\u00e5 det ser ni p\u00e5 bilden ovan.<br \/>\nEfter lunch avl\u00f6stes han av Eva Helene Storm Hanssen ocks\u00e5 fr\u00e5n Norge. Hon \u00e4r mest k\u00e4nd f\u00f6r att ha plockat hem flertalet medaljer och utm\u00e4rkelser i olika m\u00e4sterskap de senaste \u00e5ren. Hon jobbar som portr\u00e4ttfotograf i egen studio i Oslo. Och d\u00e4rifr\u00e5n har hon en del tips att dela med sig av.<br \/>\nDu kan hitta henne p\u00e5 moment.no eller http:\/\/momentstudio.blogspot.com\/  <img loading=\"lazy\" decoding=\"async\" class=\"p3-insert-all size-full aligncenter\" title=\"IMG_1500\" src=\"https:\/\/bildateljen.se\/wp-content\/uploads\/IMG_15001.jpg\" alt=\"\" width=\"900\" height=\"675\" \/><\/p>\n<p style=\"text-align: right;\"><img loading=\"lazy\" decoding=\"async\" class=\"p3-insert-all size-full    alignleft\" title=\"IMG_1504\" src=\"https:\/\/bildateljen.se\/wp-content\/uploads\/IMG_15041.jpg\" alt=\"\" width=\"150\" height=\"100\" \/><\/p>\n<p style=\"text-align: right;\">Nyinlagt blogginl\u00e4gg fr\u00e5n gamla bloggen !<\/p>\n<!-- AddThis Advanced Settings generic via filter on the_content --><!-- AddThis Share Buttons generic via filter on the_content -->","protected":false},"excerpt":{"rendered":"<p>L\u00e5gs\u00e4songen till trots har redan januari passerat och vi \u00e4r mitt inne i februari m\u00e5nad. Vi f\u00e5r lite mer tid \u00f6ver till planering av \u00e5ret. Vi har skaffat oss en Tv i skylten f\u00f6r att visa bildspel. Gruppen med fotografer fick lyssna till Svein Bringsdal en norsk modefotograf med v\u00e4rlden som arbetsf\u00e4lt. Du kan se [&hellip;]<!-- AddThis Advanced Settings generic via filter on get_the_excerpt --><!-- AddThis Share Buttons generic via filter on get_the_excerpt --><\/p>\n","protected":false},"author":1,"featured_media":0,"comment_status":"open","ping_status":"open","sticky":false,"template":"","format":"standard","meta":{"advanced_seo_description":"","jetpack_seo_html_title":"","jetpack_seo_noindex":false,"jetpack_post_was_ever_published":false,"_jetpack_newsletter_access":"","_jetpack_dont_email_post_to_subs":false,"_jetpack_newsletter_tier_id":0,"_jetpack_memberships_contains_paywalled_content":false,"_jetpack_memberships_contains_paid_content":false,"footnotes":"","jetpack_publicize_message":"","jetpack_publicize_feature_enabled":true,"jetpack_social_post_already_shared":false,"jetpack_social_options":{"image_generator_settings":{"template":"highway","default_image_id":0,"font":"","enabled":false},"version":2}},"categories":[4],"tags":[],"class_list":["post-16","post","type-post","status-publish","format-standard","hentry","category-kurser"],"jetpack_publicize_connections":[],"jetpack_featured_media_url":"","jetpack_shortlink":"https:\/\/wp.me\/p8u969-g","jetpack-related-posts":[],"jetpack_likes_enabled":true,"jetpack_sharing_enabled":true,"_links":{"self":[{"href":"https:\/\/bildateljen.se\/index.php?rest_route=\/wp\/v2\/posts\/16","targetHints":{"allow":["GET"]}}],"collection":[{"href":"https:\/\/bildateljen.se\/index.php?rest_route=\/wp\/v2\/posts"}],"about":[{"href":"https:\/\/bildateljen.se\/index.php?rest_route=\/wp\/v2\/types\/post"}],"author":[{"embeddable":true,"href":"https:\/\/bildateljen.se\/index.php?rest_route=\/wp\/v2\/users\/1"}],"replies":[{"embeddable":true,"href":"https:\/\/bildateljen.se\/index.php?rest_route=%2Fwp%2Fv2%2Fcomments&post=16"}],"version-history":[{"count":4,"href":"https:\/\/bildateljen.se\/index.php?rest_route=\/wp\/v2\/posts\/16\/revisions"}],"predecessor-version":[{"id":70,"href":"https:\/\/bildateljen.se\/index.php?rest_route=\/wp\/v2\/posts\/16\/revisions\/70"}],"wp:attachment":[{"href":"https:\/\/bildateljen.se\/index.php?rest_route=%2Fwp%2Fv2%2Fmedia&parent=16"}],"wp:term":[{"taxonomy":"category","embeddable":true,"href":"https:\/\/bildateljen.se\/index.php?rest_route=%2Fwp%2Fv2%2Fcategories&post=16"},{"taxonomy":"post_tag","embeddable":true,"href":"https:\/\/bildateljen.se\/index.php?rest_route=%2Fwp%2Fv2%2Ftags&post=16"}],"curies":[{"name":"wp","href":"https:\/\/api.w.org\/{rel}","templated":true}]}}