{"id":1457,"date":"2018-07-24T08:12:08","date_gmt":"2018-07-24T07:12:08","guid":{"rendered":"http:\/\/bildateljen.se\/?p=1457"},"modified":"2018-08-27T12:48:54","modified_gmt":"2018-08-27T11:48:54","slug":"nu-finns-det-bokningsbara-tider-fran-23-juli-ordinarie-oppettider-fran-och-med-13-augusti","status":"publish","type":"post","link":"https:\/\/bildateljen.se\/?p=1457","title":{"rendered":"Nu finns det bokningsbara tider fr\u00e5n 23 juli. Ordinarie \u00f6ppettider fr\u00e5n och med 13 augusti."},"content":{"rendered":"<div id=\"attachment_1279\" style=\"width: 1010px\" class=\"wp-caption aligncenter\"><img loading=\"lazy\" decoding=\"async\" aria-describedby=\"caption-attachment-1279\" data-attachment-id=\"1279\" data-permalink=\"https:\/\/bildateljen.se\/?attachment_id=1279\" data-orig-file=\"https:\/\/bildateljen.se\/wp-content\/uploads\/06-1277-post\/U6I0209-Redigera.jpg\" data-orig-size=\"1000,1000\" data-comments-opened=\"1\" data-image-meta=\"{&quot;aperture&quot;:&quot;0&quot;,&quot;credit&quot;:&quot;&quot;,&quot;camera&quot;:&quot;&quot;,&quot;caption&quot;:&quot;&quot;,&quot;created_timestamp&quot;:&quot;0&quot;,&quot;copyright&quot;:&quot;Copyright \\u00a9 Lars \\u00c5ke Holst bildateljen.se, All rights reserved. Detta f\\u00e4lt f\\u00e5r inte \\u00e4ndras eller raderas enligt 6 kap enligt lag (1960:729)&quot;,&quot;focal_length&quot;:&quot;0&quot;,&quot;iso&quot;:&quot;0&quot;,&quot;shutter_speed&quot;:&quot;0&quot;,&quot;title&quot;:&quot;&quot;,&quot;orientation&quot;:&quot;0&quot;}\" data-image-title=\"_U6I0209-Redigera\" data-image-description=\"&lt;p&gt;Minisession i Gustavsbergs Bildatelj\u00e9&lt;\/p&gt;\n\" data-image-caption=\"&lt;p&gt;relaxed mode&lt;\/p&gt;\n\" data-large-file=\"https:\/\/bildateljen.se\/wp-content\/uploads\/06-1277-post\/U6I0209-Redigera.jpg\" class=\"size-full wp-image-1279\" src=\"https:\/\/bildateljen.se\/wp-content\/uploads\/06-1277-post\/U6I0209-Redigera.jpg\" alt=\"Relaxed\" width=\"1000\" height=\"1000\" srcset=\"https:\/\/bildateljen.se\/wp-content\/uploads\/06-1277-post\/U6I0209-Redigera.jpg 1000w, https:\/\/bildateljen.se\/wp-content\/uploads\/06-1277-post\/U6I0209-Redigera-150x150.jpg 150w, https:\/\/bildateljen.se\/wp-content\/uploads\/06-1277-post\/U6I0209-Redigera-300x300.jpg 300w, https:\/\/bildateljen.se\/wp-content\/uploads\/06-1277-post\/U6I0209-Redigera-768x768.jpg 768w, https:\/\/bildateljen.se\/wp-content\/uploads\/06-1277-post\/U6I0209-Redigera-80x80.jpg 80w, https:\/\/bildateljen.se\/wp-content\/uploads\/06-1277-post\/U6I0209-Redigera-160x160.jpg 160w, https:\/\/bildateljen.se\/wp-content\/uploads\/06-1277-post\/U6I0209-Redigera-320x320.jpg 320w, https:\/\/bildateljen.se\/wp-content\/uploads\/06-1277-post\/U6I0209-Redigera-600x600.jpg 600w\" sizes=\"auto, (max-width: 1000px) 100vw, 1000px\" \/><p id=\"caption-attachment-1279\" class=\"wp-caption-text\">relaxed mode<\/p><\/div>\n<p>Till bokningssidan: <a href=\"http:\/\/bildateljen.bokadirekt.se\">bildateljen.bokadirekt.se<\/a><\/p>\n<!-- AddThis Advanced Settings generic via filter on the_content --><!-- AddThis Share Buttons generic via filter on the_content -->","protected":false},"excerpt":{"rendered":"<p>Till bokningssidan: bildateljen.bokadirekt.se<!-- AddThis Advanced Settings generic via filter on get_the_excerpt --><!-- AddThis Share Buttons generic via filter on get_the_excerpt --><\/p>\n","protected":false},"author":1,"featured_media":0,"comment_status":"open","ping_status":"open","sticky":false,"template":"","format":"standard","meta":{"advanced_seo_description":"","jetpack_seo_html_title":"","jetpack_seo_noindex":false,"jetpack_post_was_ever_published":false,"_jetpack_newsletter_access":"","_jetpack_dont_email_post_to_subs":false,"_jetpack_newsletter_tier_id":0,"_jetpack_memberships_contains_paywalled_content":false,"_jetpack_memberships_contains_paid_content":false,"footnotes":"","jetpack_publicize_message":"","jetpack_publicize_feature_enabled":true,"jetpack_social_post_already_shared":true,"jetpack_social_options":{"image_generator_settings":{"template":"highway","default_image_id":0,"font":"","enabled":false},"version":2}},"categories":[3,11,22,7,26,13],"tags":[],"class_list":["post-1457","post","type-post","status-publish","format-standard","hentry","category-barnportratt","category-familjefoto","category-id-bilder","category-oppettider","category-portrattfoto","category-syskonbilder"],"jetpack_publicize_connections":[],"jetpack_featured_media_url":"","jetpack_shortlink":"https:\/\/wp.me\/p8u969-nv","jetpack-related-posts":[],"jetpack_likes_enabled":true,"jetpack_sharing_enabled":true,"_links":{"self":[{"href":"https:\/\/bildateljen.se\/index.php?rest_route=\/wp\/v2\/posts\/1457","targetHints":{"allow":["GET"]}}],"collection":[{"href":"https:\/\/bildateljen.se\/index.php?rest_route=\/wp\/v2\/posts"}],"about":[{"href":"https:\/\/bildateljen.se\/index.php?rest_route=\/wp\/v2\/types\/post"}],"author":[{"embeddable":true,"href":"https:\/\/bildateljen.se\/index.php?rest_route=\/wp\/v2\/users\/1"}],"replies":[{"embeddable":true,"href":"https:\/\/bildateljen.se\/index.php?rest_route=%2Fwp%2Fv2%2Fcomments&post=1457"}],"version-history":[{"count":2,"href":"https:\/\/bildateljen.se\/index.php?rest_route=\/wp\/v2\/posts\/1457\/revisions"}],"predecessor-version":[{"id":1459,"href":"https:\/\/bildateljen.se\/index.php?rest_route=\/wp\/v2\/posts\/1457\/revisions\/1459"}],"wp:attachment":[{"href":"https:\/\/bildateljen.se\/index.php?rest_route=%2Fwp%2Fv2%2Fmedia&parent=1457"}],"wp:term":[{"taxonomy":"category","embeddable":true,"href":"https:\/\/bildateljen.se\/index.php?rest_route=%2Fwp%2Fv2%2Fcategories&post=1457"},{"taxonomy":"post_tag","embeddable":true,"href":"https:\/\/bildateljen.se\/index.php?rest_route=%2Fwp%2Fv2%2Ftags&post=1457"}],"curies":[{"name":"wp","href":"https:\/\/api.w.org\/{rel}","templated":true}]}}