{"id":111,"date":"2011-02-08T10:12:10","date_gmt":"2011-02-08T09:12:10","guid":{"rendered":"http:\/\/bildateljen.se\/?p=111"},"modified":"2011-02-08T10:12:23","modified_gmt":"2011-02-08T09:12:23","slug":"vara-forskolefotograferingar-borjar-ta-slut-inlagg-fran-10-november","status":"publish","type":"post","link":"https:\/\/bildateljen.se\/?p=111","title":{"rendered":"V\u00e5ra f\u00f6rskolefotograferingar b\u00f6rjar ta slut &#8230; Inl\u00e4gg fr\u00e5n 10 november"},"content":{"rendered":"<p><img loading=\"lazy\" decoding=\"async\" class=\"p3-insert-all size-full aligncenter\" title=\"Edvard\" src=\"https:\/\/bildateljen.se\/wp-content\/uploads\/Edvard.jpg\" alt=\"\" width=\"876\" height=\"1000\" \/> Nu blir det, hoppas jag tid \u00f6ver till uppdateringar p\u00e5 hemsidan och bloggen f\u00f6rhoppningsvis veckovis till en b\u00f6rjan.<br \/>\nEdvard hade en mysig stund p\u00e5 f\u00e4llen med stort\u00e5n i h\u00f6gsta hugg.<br \/>\nEbba\/Alice och Melker var p\u00e5 nytt bes\u00f6k i ateljen p\u00e5 m\u00e5ndagen strax efter Ella. En ny stj\u00e4rna p\u00e5 modellhimlen. Hennes f\u00f6rsta f\u00f6rs\u00f6k och redan s\u00e5 duktig.<\/p>\n<p><img loading=\"lazy\" decoding=\"async\" class=\"p3-insert-all size-full aligncenter\" title=\"Ella\" src=\"https:\/\/bildateljen.se\/wp-content\/uploads\/Ella.jpg\" alt=\"\" width=\"800\" height=\"419\" \/> Nyinlagt blogginl\u00e4gg fr\u00e5n gamla bloggen !<\/p>\n<!-- AddThis Advanced Settings generic via filter on the_content --><!-- AddThis Share Buttons generic via filter on the_content -->","protected":false},"excerpt":{"rendered":"<p>Nu blir det, hoppas jag tid \u00f6ver till uppdateringar p\u00e5 hemsidan och bloggen f\u00f6rhoppningsvis veckovis till en b\u00f6rjan. Edvard hade en mysig stund p\u00e5 f\u00e4llen med stort\u00e5n i h\u00f6gsta hugg. Ebba\/Alice och Melker var p\u00e5 nytt bes\u00f6k i ateljen p\u00e5 m\u00e5ndagen strax efter Ella. En ny stj\u00e4rna p\u00e5 modellhimlen. Hennes f\u00f6rsta f\u00f6rs\u00f6k och redan s\u00e5 [&hellip;]<!-- AddThis Advanced Settings generic via filter on get_the_excerpt --><!-- AddThis Share Buttons generic via filter on get_the_excerpt --><\/p>\n","protected":false},"author":1,"featured_media":0,"comment_status":"open","ping_status":"open","sticky":false,"template":"","format":"standard","meta":{"advanced_seo_description":"","jetpack_seo_html_title":"","jetpack_seo_noindex":false,"jetpack_post_was_ever_published":false,"_jetpack_newsletter_access":"","_jetpack_dont_email_post_to_subs":false,"_jetpack_newsletter_tier_id":0,"_jetpack_memberships_contains_paywalled_content":false,"_jetpack_memberships_contains_paid_content":false,"footnotes":"","jetpack_publicize_message":"","jetpack_publicize_feature_enabled":true,"jetpack_social_post_already_shared":false,"jetpack_social_options":{"image_generator_settings":{"template":"highway","default_image_id":0,"font":"","enabled":false},"version":2}},"categories":[3],"tags":[],"class_list":["post-111","post","type-post","status-publish","format-standard","hentry","category-barnportratt"],"jetpack_publicize_connections":[],"jetpack_featured_media_url":"","jetpack_shortlink":"https:\/\/wp.me\/p8u969-1N","jetpack-related-posts":[],"jetpack_likes_enabled":true,"jetpack_sharing_enabled":true,"_links":{"self":[{"href":"https:\/\/bildateljen.se\/index.php?rest_route=\/wp\/v2\/posts\/111","targetHints":{"allow":["GET"]}}],"collection":[{"href":"https:\/\/bildateljen.se\/index.php?rest_route=\/wp\/v2\/posts"}],"about":[{"href":"https:\/\/bildateljen.se\/index.php?rest_route=\/wp\/v2\/types\/post"}],"author":[{"embeddable":true,"href":"https:\/\/bildateljen.se\/index.php?rest_route=\/wp\/v2\/users\/1"}],"replies":[{"embeddable":true,"href":"https:\/\/bildateljen.se\/index.php?rest_route=%2Fwp%2Fv2%2Fcomments&post=111"}],"version-history":[{"count":3,"href":"https:\/\/bildateljen.se\/index.php?rest_route=\/wp\/v2\/posts\/111\/revisions"}],"predecessor-version":[{"id":115,"href":"https:\/\/bildateljen.se\/index.php?rest_route=\/wp\/v2\/posts\/111\/revisions\/115"}],"wp:attachment":[{"href":"https:\/\/bildateljen.se\/index.php?rest_route=%2Fwp%2Fv2%2Fmedia&parent=111"}],"wp:term":[{"taxonomy":"category","embeddable":true,"href":"https:\/\/bildateljen.se\/index.php?rest_route=%2Fwp%2Fv2%2Fcategories&post=111"},{"taxonomy":"post_tag","embeddable":true,"href":"https:\/\/bildateljen.se\/index.php?rest_route=%2Fwp%2Fv2%2Ftags&post=111"}],"curies":[{"name":"wp","href":"https:\/\/api.w.org\/{rel}","templated":true}]}}