{"id":1016,"date":"2014-11-10T13:36:55","date_gmt":"2014-11-10T12:36:55","guid":{"rendered":"http:\/\/bildateljen.se\/?p=1016"},"modified":"2014-11-10T13:36:55","modified_gmt":"2014-11-10T12:36:55","slug":"bilden-innan-sjalva-fotograferingen-satter-igang","status":"publish","type":"post","link":"https:\/\/bildateljen.se\/?p=1016","title":{"rendered":"Bilden innan sj\u00e4lva fotograferingen s\u00e4tter ig\u00e5ng"},"content":{"rendered":"<p>Lite st\u00f6kigt innan allt faller p\u00e5 plats. Fotografering fr\u00e5n f\u00f6rra veckan.<\/p>\n<div id=\"attachment_1017\" style=\"width: 1009px\" class=\"wp-caption aligncenter\"><img loading=\"lazy\" decoding=\"async\" aria-describedby=\"caption-attachment-1017\" data-attachment-id=\"1017\" data-permalink=\"https:\/\/bildateljen.se\/?attachment_id=1017\" data-orig-file=\"https:\/\/bildateljen.se\/wp-content\/uploads\/10-1016-post\/U6I8993.jpg\" data-orig-size=\"999,501\" data-comments-opened=\"1\" data-image-meta=\"{&quot;aperture&quot;:&quot;9&quot;,&quot;credit&quot;:&quot;Lars \\u00c5ke Holst&quot;,&quot;camera&quot;:&quot;Canon EOS-1Ds Mark III&quot;,&quot;caption&quot;:&quot;&quot;,&quot;created_timestamp&quot;:&quot;1415355521&quot;,&quot;copyright&quot;:&quot;Copyright \\u00a9 Lars \\u00c5ke Holst bildateljen.se, All rights reserved. Detta f\\u00e4lt f\\u00e5r inte \\u00e4ndras eller raderas enligt 6 kap enlig&quot;,&quot;focal_length&quot;:&quot;42&quot;,&quot;iso&quot;:&quot;100&quot;,&quot;shutter_speed&quot;:&quot;0.00625&quot;,&quot;title&quot;:&quot;&quot;,&quot;orientation&quot;:&quot;0&quot;}\" data-image-title=\"Ateljen en novemberdag\" data-image-description=\"\" data-image-caption=\"&lt;p&gt;Oskar f\u00f6rberedes&lt;\/p&gt;\n\" data-large-file=\"https:\/\/bildateljen.se\/wp-content\/uploads\/10-1016-post\/U6I8993.jpg\" class=\"size-full wp-image-1017\" src=\"https:\/\/bildateljen.se\/wp-content\/uploads\/10-1016-post\/U6I8993.jpg\" alt=\"Oskar \u00e4r med storasyster i atelj\u00e9n\" width=\"999\" height=\"501\" srcset=\"https:\/\/bildateljen.se\/wp-content\/uploads\/10-1016-post\/U6I8993.jpg 999w, https:\/\/bildateljen.se\/wp-content\/uploads\/10-1016-post\/U6I8993-300x150.jpg 300w\" sizes=\"auto, (max-width: 999px) 100vw, 999px\" \/><p id=\"caption-attachment-1017\" class=\"wp-caption-text\">Oskar f\u00f6rberedes<\/p><\/div>\n<!-- AddThis Advanced Settings generic via filter on the_content --><!-- AddThis Share Buttons generic via filter on the_content -->","protected":false},"excerpt":{"rendered":"<p>Lite st\u00f6kigt innan allt faller p\u00e5 plats. Fotografering fr\u00e5n f\u00f6rra veckan.<!-- AddThis Advanced Settings generic via filter on get_the_excerpt --><!-- AddThis Share Buttons generic via filter on get_the_excerpt --><\/p>\n","protected":false},"author":1,"featured_media":0,"comment_status":"open","ping_status":"open","sticky":false,"template":"","format":"standard","meta":{"advanced_seo_description":"","jetpack_seo_html_title":"","jetpack_seo_noindex":false,"jetpack_post_was_ever_published":false,"_jetpack_newsletter_access":"","_jetpack_dont_email_post_to_subs":false,"_jetpack_newsletter_tier_id":0,"_jetpack_memberships_contains_paywalled_content":false,"_jetpack_memberships_contains_paid_content":false,"footnotes":"","jetpack_publicize_message":"","jetpack_publicize_feature_enabled":true,"jetpack_social_post_already_shared":false,"jetpack_social_options":{"image_generator_settings":{"template":"highway","default_image_id":0,"font":"","enabled":false},"version":2}},"categories":[3],"tags":[],"class_list":["post-1016","post","type-post","status-publish","format-standard","hentry","category-barnportratt"],"jetpack_publicize_connections":[],"jetpack_featured_media_url":"","jetpack_shortlink":"https:\/\/wp.me\/p8u969-go","jetpack-related-posts":[],"jetpack_likes_enabled":true,"jetpack_sharing_enabled":true,"_links":{"self":[{"href":"https:\/\/bildateljen.se\/index.php?rest_route=\/wp\/v2\/posts\/1016","targetHints":{"allow":["GET"]}}],"collection":[{"href":"https:\/\/bildateljen.se\/index.php?rest_route=\/wp\/v2\/posts"}],"about":[{"href":"https:\/\/bildateljen.se\/index.php?rest_route=\/wp\/v2\/types\/post"}],"author":[{"embeddable":true,"href":"https:\/\/bildateljen.se\/index.php?rest_route=\/wp\/v2\/users\/1"}],"replies":[{"embeddable":true,"href":"https:\/\/bildateljen.se\/index.php?rest_route=%2Fwp%2Fv2%2Fcomments&post=1016"}],"version-history":[{"count":1,"href":"https:\/\/bildateljen.se\/index.php?rest_route=\/wp\/v2\/posts\/1016\/revisions"}],"predecessor-version":[{"id":1018,"href":"https:\/\/bildateljen.se\/index.php?rest_route=\/wp\/v2\/posts\/1016\/revisions\/1018"}],"wp:attachment":[{"href":"https:\/\/bildateljen.se\/index.php?rest_route=%2Fwp%2Fv2%2Fmedia&parent=1016"}],"wp:term":[{"taxonomy":"category","embeddable":true,"href":"https:\/\/bildateljen.se\/index.php?rest_route=%2Fwp%2Fv2%2Fcategories&post=1016"},{"taxonomy":"post_tag","embeddable":true,"href":"https:\/\/bildateljen.se\/index.php?rest_route=%2Fwp%2Fv2%2Ftags&post=1016"}],"curies":[{"name":"wp","href":"https:\/\/api.w.org\/{rel}","templated":true}]}}