{"id":1,"date":"2011-01-13T15:27:00","date_gmt":"2011-01-13T14:27:00","guid":{"rendered":"http:\/\/bildateljen.se\/?p=1"},"modified":"2011-02-03T15:46:48","modified_gmt":"2011-02-03T14:46:48","slug":"hej-varlden","status":"publish","type":"post","link":"https:\/\/bildateljen.se\/?p=1","title":{"rendered":"Siri kommer p\u00e5 bes\u00f6k till bildateljen !"},"content":{"rendered":"<p>Nu i januari har vi faktiskt haft ganska bra tryck i ateljen. En bra januari j\u00e4mf\u00f6rt med vissa andra \u00e5r. Det kan bli ett bra \u00e5r med m\u00e5nga fotograferingar.<br \/>\nSiri \u00e4r en go tjej och gla. Man kan inte annat \u00e4n att bli glad sj\u00e4lv n\u00e4r man ser bilderna vi lyckades f\u00e5nga i ateljen.<img loading=\"lazy\" decoding=\"async\" data-attachment-id=\"12\" data-permalink=\"https:\/\/bildateljen.se\/?attachment_id=12\" data-orig-file=\"https:\/\/bildateljen.se\/wp-content\/uploads\/Siri.jpg\" data-orig-size=\"900,246\" data-comments-opened=\"1\" data-image-meta=\"{&quot;aperture&quot;:&quot;10&quot;,&quot;credit&quot;:&quot;Lars \\u00c3\\u0085ke Holst&quot;,&quot;camera&quot;:&quot;Canon EOS-1Ds Mark III&quot;,&quot;caption&quot;:&quot;&quot;,&quot;created_timestamp&quot;:&quot;1263908904&quot;,&quot;copyright&quot;:&quot;Copyright \\u00c2\\u00a9 Lars \\u00c3\\u0085ke Holst bildateljen.se, All Rights Reserved. Detta f\\u00c3\\u00a4lt f\\u00c3\\u00a5r inte \\u00c3\\u00a4ndras eller raderas enligt 6 kap enligt lag (1960:729)&quot;,&quot;focal_length&quot;:&quot;48&quot;,&quot;iso&quot;:&quot;100&quot;,&quot;shutter_speed&quot;:&quot;0.00625&quot;,&quot;title&quot;:&quot;&quot;}\" data-image-title=\"Siri\" data-image-description=\"\" data-image-caption=\"\" data-large-file=\"https:\/\/bildateljen.se\/wp-content\/uploads\/Siri.jpg\" class=\"alignnone size-full wp-image-12\" title=\"Siri\" src=\"https:\/\/bildateljen.se\/wp-content\/uploads\/Siri.jpg\" alt=\"\" width=\"900\" height=\"246\" srcset=\"https:\/\/bildateljen.se\/wp-content\/uploads\/Siri.jpg 900w, https:\/\/bildateljen.se\/wp-content\/uploads\/Siri-300x82.jpg 300w\" sizes=\"auto, (max-width: 900px) 100vw, 900px\" \/><\/p>\n<p>Nyinlagt blogginl\u00e4gg fr\u00e5n gamla bloggen !<\/p>\n<!-- AddThis Advanced Settings generic via filter on the_content --><!-- AddThis Share Buttons generic via filter on the_content -->","protected":false},"excerpt":{"rendered":"<p>Nu i januari har vi faktiskt haft ganska bra tryck i ateljen. En bra januari j\u00e4mf\u00f6rt med vissa andra \u00e5r. Det kan bli ett bra \u00e5r med m\u00e5nga fotograferingar. Siri \u00e4r en go tjej och gla. Man kan inte annat \u00e4n att bli glad sj\u00e4lv n\u00e4r man ser bilderna vi lyckades f\u00e5nga i ateljen. Nyinlagt [&hellip;]<!-- AddThis Advanced Settings generic via filter on get_the_excerpt --><!-- AddThis Share Buttons generic via filter on get_the_excerpt --><\/p>\n","protected":false},"author":1,"featured_media":0,"comment_status":"open","ping_status":"open","sticky":false,"template":"","format":"standard","meta":{"advanced_seo_description":"","jetpack_seo_html_title":"","jetpack_seo_noindex":false,"jetpack_post_was_ever_published":false,"_jetpack_newsletter_access":"","_jetpack_dont_email_post_to_subs":false,"_jetpack_newsletter_tier_id":0,"_jetpack_memberships_contains_paywalled_content":false,"_jetpack_memberships_contains_paid_content":false,"footnotes":"","jetpack_publicize_message":"","jetpack_publicize_feature_enabled":true,"jetpack_social_post_already_shared":false,"jetpack_social_options":{"image_generator_settings":{"template":"highway","default_image_id":0,"font":"","enabled":false},"version":2}},"categories":[3],"tags":[],"class_list":["post-1","post","type-post","status-publish","format-standard","hentry","category-barnportratt"],"jetpack_publicize_connections":[],"jetpack_featured_media_url":"","jetpack_shortlink":"https:\/\/wp.me\/p8u969-1","jetpack-related-posts":[],"jetpack_likes_enabled":true,"jetpack_sharing_enabled":true,"_links":{"self":[{"href":"https:\/\/bildateljen.se\/index.php?rest_route=\/wp\/v2\/posts\/1","targetHints":{"allow":["GET"]}}],"collection":[{"href":"https:\/\/bildateljen.se\/index.php?rest_route=\/wp\/v2\/posts"}],"about":[{"href":"https:\/\/bildateljen.se\/index.php?rest_route=\/wp\/v2\/types\/post"}],"author":[{"embeddable":true,"href":"https:\/\/bildateljen.se\/index.php?rest_route=\/wp\/v2\/users\/1"}],"replies":[{"embeddable":true,"href":"https:\/\/bildateljen.se\/index.php?rest_route=%2Fwp%2Fv2%2Fcomments&post=1"}],"version-history":[{"count":4,"href":"https:\/\/bildateljen.se\/index.php?rest_route=\/wp\/v2\/posts\/1\/revisions"}],"predecessor-version":[{"id":11,"href":"https:\/\/bildateljen.se\/index.php?rest_route=\/wp\/v2\/posts\/1\/revisions\/11"}],"wp:attachment":[{"href":"https:\/\/bildateljen.se\/index.php?rest_route=%2Fwp%2Fv2%2Fmedia&parent=1"}],"wp:term":[{"taxonomy":"category","embeddable":true,"href":"https:\/\/bildateljen.se\/index.php?rest_route=%2Fwp%2Fv2%2Fcategories&post=1"},{"taxonomy":"post_tag","embeddable":true,"href":"https:\/\/bildateljen.se\/index.php?rest_route=%2Fwp%2Fv2%2Ftags&post=1"}],"curies":[{"name":"wp","href":"https:\/\/api.w.org\/{rel}","templated":true}]}}